{"id":82528,"date":"2025-07-16T09:31:35","date_gmt":"2025-07-16T09:31:35","guid":{"rendered":"https:\/\/www.schlosstorgelow.de\/el-1111-o-certificado-de-abitura-en-el-castillo-de-torgelow"},"modified":"2026-01-23T08:56:36","modified_gmt":"2026-01-23T08:56:36","slug":"el-1111-o-certificado-de-abitura-en-el-schloss-torgelow","status":"publish","type":"post","link":"https:\/\/www.schlosstorgelow.de\/es\/el-1111-o-certificado-de-abitura-en-el-schloss-torgelow","title":{"rendered":"El 1111.\u00ba certificado de Abitura en el Schloss Torgelow"},"content":{"rendered":"\n<p><i>Desde su fundaci\u00f3n en 1994, el Colegio Internado Privado Schloss Torgelow ha entregado muchos diplomas de bachillerato, siempre con un gran orgullo, alegr\u00eda y el conocimiento de que detr\u00e1s de cada diploma hay una historia muy personal. Sin embargo, este a\u00f1o la entrega de diplomas fue especialmente emocional: El  <strong>1111. Certificado de bachillerato en la historia de la escuela<\/strong> fue entregado solemnemente.<\/i><\/p>\n\n<p>Este testimonio especial fue entregado a Constantin de Magdeburg. Para Mario Lehmann, responsable del Schloss Torgelow, fue un momento que le importaba mucho, no solo por la cifra simb\u00f3lica. Constantin ha asistido al Schloss Torgelow desde quinto grado. A lo largo de los a\u00f1os, se ha convertido en una personalidad impresionante, con un gran coraz\u00f3n, curiosidad, inter\u00e9s y una mirada abierta al mundo.   <\/p>\n\n<p>\u201eHa sido un gran placer poder acompa\u00f1ar a Constantin durante tantos a\u00f1os\u201c, enfatiz\u00f3 Mario Lehmann durante la ceremonia de entrega. \u201eHemos sido testigos de su crecimiento, de su desarrollo, de c\u00f3mo ha descubierto y potenciado sus fortalezas. Que \u00e9l sea quien reciba el 1111.\u00ba diploma de bachillerato se siente bien.\u201c <\/p>\n\n<p>Junto con toda la comunidad escolar, se celebr\u00f3 este momento: un d\u00eda lleno de orgullo, cari\u00f1o y recuerdos de una \u00e9poca escolar muy especial.<\/p>\n","protected":false},"excerpt":{"rendered":"<p>Este a\u00f1o, la entrega de diplomas fue especialmente emotiva: se entreg\u00f3 ceremonialmente el 1111.\u00ba diploma de bachillerato en la historia de la escuela. <\/p>\n","protected":false},"author":1,"featured_media":43861,"comment_status":"closed","ping_status":"closed","sticky":false,"template":"","format":"standard","meta":{"_acf_changed":false,"_yoast_wpseo_title":"El 1111.\u00ba certificado de Abitura en el Schloss Torgelow","_yoast_wpseo_metadesc":"Este a\u00f1o, la entrega de diplomas fue especialmente emotiva: Se otorg\u00f3 ceremoniosamente el 1111.\u00ba diploma de bachillerato en la historia de la escuela.","excerpt":"Este a\u00f1o, la entrega de diplomas fue especialmente emotiva: Se otorg\u00f3 ceremoniosamente el 1111.\u00ba diploma de bachillerato en la historia de la escuela. ","footnotes":""},"categories":[32],"tags":[],"class_list":{"0":"post-82528","1":"post","2":"type-post","3":"status-publish","4":"format-standard","5":"has-post-thumbnail","7":"category-noticias-de-torgelow"},"acf":[],"yoast_head":"<!-- This site is optimized with the Yoast SEO plugin v26.9 - https:\/\/yoast.com\/product\/yoast-seo-wordpress\/ -->\n<title>El 1111.\u00ba certificado de Abitura en el Schloss Torgelow<\/title>\n<meta name=\"description\" content=\"Este a\u00f1o, la entrega de diplomas fue especialmente emotiva: Se otorg\u00f3 ceremoniosamente el 1111.\u00ba diploma de bachillerato en la historia de la escuela.\" \/>\n<meta name=\"robots\" content=\"index, follow, max-snippet:-1, max-image-preview:large, max-video-preview:-1\" \/>\n<link rel=\"canonical\" href=\"https:\/\/www.schlosstorgelow.de\/es\/el-1111-o-certificado-de-abitura-en-el-schloss-torgelow\" \/>\n<meta property=\"og:locale\" content=\"es_ES\" \/>\n<meta property=\"og:type\" content=\"article\" \/>\n<meta property=\"og:title\" content=\"El 1111.\u00ba certificado de Abitura en el Schloss Torgelow\" \/>\n<meta property=\"og:description\" content=\"Este a\u00f1o, la entrega de diplomas fue especialmente emotiva: Se otorg\u00f3 ceremoniosamente el 1111.\u00ba diploma de bachillerato en la historia de la escuela.\" \/>\n<meta property=\"og:url\" content=\"https:\/\/www.schlosstorgelow.de\/es\/el-1111-o-certificado-de-abitura-en-el-schloss-torgelow\" \/>\n<meta property=\"og:site_name\" content=\"Schloss Torgelow\" \/>\n<meta property=\"article:published_time\" content=\"2025-07-16T09:31:35+00:00\" \/>\n<meta property=\"article:modified_time\" content=\"2026-01-23T08:56:36+00:00\" \/>\n<meta name=\"author\" content=\"Schloss Torgelow\" \/>\n<meta name=\"twitter:card\" content=\"summary_large_image\" \/>\n<meta name=\"twitter:label1\" content=\"Escrito por\" \/>\n\t<meta name=\"twitter:data1\" content=\"Schloss Torgelow\" \/>\n\t<meta name=\"twitter:label2\" content=\"Tiempo de lectura\" \/>\n\t<meta name=\"twitter:data2\" content=\"1 minuto\" \/>\n<script type=\"application\/ld+json\" class=\"yoast-schema-graph\">{\"@context\":\"https:\/\/schema.org\",\"@graph\":[{\"@type\":\"Article\",\"@id\":\"https:\/\/www.schlosstorgelow.de\/es\/el-1111-o-certificado-de-abitura-en-el-schloss-torgelow#article\",\"isPartOf\":{\"@id\":\"https:\/\/www.schlosstorgelow.de\/es\/el-1111-o-certificado-de-abitura-en-el-schloss-torgelow\"},\"author\":{\"name\":\"Schloss Torgelow\",\"@id\":\"https:\/\/www.schlosstorgelow.de\/es#\/schema\/person\/b76bbb367f3a20c7ced1339e4875691e\"},\"headline\":\"El 1111.\u00ba certificado de Abitura en el Schloss Torgelow\",\"datePublished\":\"2025-07-16T09:31:35+00:00\",\"dateModified\":\"2026-01-23T08:56:36+00:00\",\"mainEntityOfPage\":{\"@id\":\"https:\/\/www.schlosstorgelow.de\/es\/el-1111-o-certificado-de-abitura-en-el-schloss-torgelow\"},\"wordCount\":217,\"image\":{\"@id\":\"https:\/\/www.schlosstorgelow.de\/es\/el-1111-o-certificado-de-abitura-en-el-schloss-torgelow#primaryimage\"},\"thumbnailUrl\":\"https:\/\/www.schlosstorgelow.de\/wp-content\/uploads\/2025\/07\/abiturient-1111_header_st.avif\",\"articleSection\":[\"Noticias de Torgelow\"],\"inLanguage\":\"es\"},{\"@type\":\"WebPage\",\"@id\":\"https:\/\/www.schlosstorgelow.de\/es\/el-1111-o-certificado-de-abitura-en-el-schloss-torgelow#webpage\",\"url\":\"https:\/\/www.schlosstorgelow.de\/es\/el-1111-o-certificado-de-abitura-en-el-schloss-torgelow\",\"name\":\"El 1111.\u00ba certificado de Abitura en el Schloss Torgelow\",\"isPartOf\":{\"@id\":\"https:\/\/www.schlosstorgelow.de\/es#website\"},\"primaryImageOfPage\":{\"@id\":\"https:\/\/www.schlosstorgelow.de\/es\/el-1111-o-certificado-de-abitura-en-el-schloss-torgelow#primaryimage\"},\"image\":{\"@id\":\"https:\/\/www.schlosstorgelow.de\/es\/el-1111-o-certificado-de-abitura-en-el-schloss-torgelow#primaryimage\"},\"thumbnailUrl\":\"https:\/\/www.schlosstorgelow.de\/wp-content\/uploads\/2025\/07\/abiturient-1111_header_st.avif\",\"datePublished\":\"2025-07-16T09:31:35+00:00\",\"dateModified\":\"2026-01-23T08:56:36+00:00\",\"author\":{\"@id\":\"https:\/\/www.schlosstorgelow.de\/es#\/schema\/person\/b76bbb367f3a20c7ced1339e4875691e\"},\"description\":\"Este a\u00f1o, la entrega de diplomas fue especialmente emotiva: Se otorg\u00f3 ceremoniosamente el 1111.\u00ba diploma de bachillerato en la historia de la escuela.\",\"breadcrumb\":{\"@id\":\"https:\/\/www.schlosstorgelow.de\/es\/el-1111-o-certificado-de-abitura-en-el-schloss-torgelow#breadcrumb\"},\"inLanguage\":\"es\",\"potentialAction\":[{\"@type\":\"ReadAction\",\"target\":[\"https:\/\/www.schlosstorgelow.de\/es\/el-1111-o-certificado-de-abitura-en-el-schloss-torgelow\"]}]},{\"@type\":\"ImageObject\",\"inLanguage\":\"es\",\"@id\":\"https:\/\/www.schlosstorgelow.de\/es\/el-1111-o-certificado-de-abitura-en-el-schloss-torgelow#primaryimage\",\"url\":\"https:\/\/www.schlosstorgelow.de\/wp-content\/uploads\/2025\/07\/abiturient-1111_header_st.avif\",\"contentUrl\":\"https:\/\/www.schlosstorgelow.de\/wp-content\/uploads\/2025\/07\/abiturient-1111_header_st.avif\",\"width\":1920,\"height\":1080,\"caption\":\"El 1111.\u00ba certificado de Abitura en el Schloss Torgelow\"},{\"@type\":\"BreadcrumbList\",\"@id\":\"https:\/\/www.schlosstorgelow.de\/es\/el-1111-o-certificado-de-abitura-en-el-schloss-torgelow#breadcrumb\",\"itemListElement\":[{\"@type\":\"ListItem\",\"position\":1,\"name\":\"Startseite\",\"item\":\"https:\/\/www.schlosstorgelow.de\/es\"},{\"@type\":\"ListItem\",\"position\":2,\"name\":\"El 1111.\u00ba certificado de Abitura en el Schloss Torgelow\"}]},{\"@type\":\"WebSite\",\"@id\":\"https:\/\/www.schlosstorgelow.de\/es#website\",\"url\":\"https:\/\/www.schlosstorgelow.de\/es\",\"name\":\"Schloss Torgelow\",\"description\":\"El internado privado Schloss Torgelow: el internado para alumnos que buscan un reto.\",\"potentialAction\":[{\"@type\":\"SearchAction\",\"target\":{\"@type\":\"EntryPoint\",\"urlTemplate\":\"https:\/\/www.schlosstorgelow.de\/es?s={search_term_string}\"},\"query-input\":{\"@type\":\"PropertyValueSpecification\",\"valueRequired\":true,\"valueName\":\"search_term_string\"}}],\"inLanguage\":\"es\"},{\"@type\":\"Person\",\"@id\":\"https:\/\/www.schlosstorgelow.de\/es#\/schema\/person\/b76bbb367f3a20c7ced1339e4875691e\",\"name\":\"Schloss Torgelow\",\"image\":{\"@type\":\"ImageObject\",\"inLanguage\":\"es\",\"@id\":\"https:\/\/www.schlosstorgelow.de\/es#\/schema\/person\/image\/\",\"url\":\"https:\/\/secure.gravatar.com\/avatar\/4bad9bf1bee90f77b98693d3ad03ade085c80c169595427c58c58e5b069f49e1?s=96&d=mm&r=g\",\"contentUrl\":\"https:\/\/secure.gravatar.com\/avatar\/4bad9bf1bee90f77b98693d3ad03ade085c80c169595427c58c58e5b069f49e1?s=96&d=mm&r=g\",\"caption\":\"Schloss Torgelow\"},\"sameAs\":[\"https:\/\/www.schlosstorgelow.de\"]}]}<\/script>\n<!-- \/ Yoast SEO plugin. -->","yoast_head_json":{"title":"El 1111.\u00ba certificado de Abitura en el Schloss Torgelow","description":"Este a\u00f1o, la entrega de diplomas fue especialmente emotiva: Se otorg\u00f3 ceremoniosamente el 1111.\u00ba diploma de bachillerato en la historia de la escuela.","robots":{"index":"index","follow":"follow","max-snippet":"max-snippet:-1","max-image-preview":"max-image-preview:large","max-video-preview":"max-video-preview:-1"},"canonical":"https:\/\/www.schlosstorgelow.de\/es\/el-1111-o-certificado-de-abitura-en-el-schloss-torgelow","og_locale":"es_ES","og_type":"article","og_title":"El 1111.\u00ba certificado de Abitura en el Schloss Torgelow","og_description":"Este a\u00f1o, la entrega de diplomas fue especialmente emotiva: Se otorg\u00f3 ceremoniosamente el 1111.\u00ba diploma de bachillerato en la historia de la escuela.","og_url":"https:\/\/www.schlosstorgelow.de\/es\/el-1111-o-certificado-de-abitura-en-el-schloss-torgelow","og_site_name":"Schloss Torgelow","article_published_time":"2025-07-16T09:31:35+00:00","article_modified_time":"2026-01-23T08:56:36+00:00","author":"Schloss Torgelow","twitter_card":"summary_large_image","twitter_misc":{"Escrito por":"Schloss Torgelow","Tiempo de lectura":"1 minuto"},"schema":{"@context":"https:\/\/schema.org","@graph":[{"@type":"Article","@id":"https:\/\/www.schlosstorgelow.de\/es\/el-1111-o-certificado-de-abitura-en-el-schloss-torgelow#article","isPartOf":{"@id":"https:\/\/www.schlosstorgelow.de\/es\/el-1111-o-certificado-de-abitura-en-el-schloss-torgelow"},"author":{"name":"Schloss Torgelow","@id":"https:\/\/www.schlosstorgelow.de\/es#\/schema\/person\/b76bbb367f3a20c7ced1339e4875691e"},"headline":"El 1111.\u00ba certificado de Abitura en el Schloss Torgelow","datePublished":"2025-07-16T09:31:35+00:00","dateModified":"2026-01-23T08:56:36+00:00","mainEntityOfPage":{"@id":"https:\/\/www.schlosstorgelow.de\/es\/el-1111-o-certificado-de-abitura-en-el-schloss-torgelow"},"wordCount":217,"image":{"@id":"https:\/\/www.schlosstorgelow.de\/es\/el-1111-o-certificado-de-abitura-en-el-schloss-torgelow#primaryimage"},"thumbnailUrl":"https:\/\/www.schlosstorgelow.de\/wp-content\/uploads\/2025\/07\/abiturient-1111_header_st.avif","articleSection":["Noticias de Torgelow"],"inLanguage":"es"},{"@type":"WebPage","@id":"https:\/\/www.schlosstorgelow.de\/es\/el-1111-o-certificado-de-abitura-en-el-schloss-torgelow#webpage","url":"https:\/\/www.schlosstorgelow.de\/es\/el-1111-o-certificado-de-abitura-en-el-schloss-torgelow","name":"El 1111.\u00ba certificado de Abitura en el Schloss Torgelow","isPartOf":{"@id":"https:\/\/www.schlosstorgelow.de\/es#website"},"primaryImageOfPage":{"@id":"https:\/\/www.schlosstorgelow.de\/es\/el-1111-o-certificado-de-abitura-en-el-schloss-torgelow#primaryimage"},"image":{"@id":"https:\/\/www.schlosstorgelow.de\/es\/el-1111-o-certificado-de-abitura-en-el-schloss-torgelow#primaryimage"},"thumbnailUrl":"https:\/\/www.schlosstorgelow.de\/wp-content\/uploads\/2025\/07\/abiturient-1111_header_st.avif","datePublished":"2025-07-16T09:31:35+00:00","dateModified":"2026-01-23T08:56:36+00:00","author":{"@id":"https:\/\/www.schlosstorgelow.de\/es#\/schema\/person\/b76bbb367f3a20c7ced1339e4875691e"},"description":"Este a\u00f1o, la entrega de diplomas fue especialmente emotiva: Se otorg\u00f3 ceremoniosamente el 1111.\u00ba diploma de bachillerato en la historia de la escuela.","breadcrumb":{"@id":"https:\/\/www.schlosstorgelow.de\/es\/el-1111-o-certificado-de-abitura-en-el-schloss-torgelow#breadcrumb"},"inLanguage":"es","potentialAction":[{"@type":"ReadAction","target":["https:\/\/www.schlosstorgelow.de\/es\/el-1111-o-certificado-de-abitura-en-el-schloss-torgelow"]}]},{"@type":"ImageObject","inLanguage":"es","@id":"https:\/\/www.schlosstorgelow.de\/es\/el-1111-o-certificado-de-abitura-en-el-schloss-torgelow#primaryimage","url":"https:\/\/www.schlosstorgelow.de\/wp-content\/uploads\/2025\/07\/abiturient-1111_header_st.avif","contentUrl":"https:\/\/www.schlosstorgelow.de\/wp-content\/uploads\/2025\/07\/abiturient-1111_header_st.avif","width":1920,"height":1080,"caption":"El 1111.\u00ba certificado de Abitura en el Schloss Torgelow"},{"@type":"BreadcrumbList","@id":"https:\/\/www.schlosstorgelow.de\/es\/el-1111-o-certificado-de-abitura-en-el-schloss-torgelow#breadcrumb","itemListElement":[{"@type":"ListItem","position":1,"name":"Startseite","item":"https:\/\/www.schlosstorgelow.de\/es"},{"@type":"ListItem","position":2,"name":"El 1111.\u00ba certificado de Abitura en el Schloss Torgelow"}]},{"@type":"WebSite","@id":"https:\/\/www.schlosstorgelow.de\/es#website","url":"https:\/\/www.schlosstorgelow.de\/es","name":"Schloss Torgelow","description":"El internado privado Schloss Torgelow: el internado para alumnos que buscan un reto.","potentialAction":[{"@type":"SearchAction","target":{"@type":"EntryPoint","urlTemplate":"https:\/\/www.schlosstorgelow.de\/es?s={search_term_string}"},"query-input":{"@type":"PropertyValueSpecification","valueRequired":true,"valueName":"search_term_string"}}],"inLanguage":"es"},{"@type":"Person","@id":"https:\/\/www.schlosstorgelow.de\/es#\/schema\/person\/b76bbb367f3a20c7ced1339e4875691e","name":"Schloss Torgelow","image":{"@type":"ImageObject","inLanguage":"es","@id":"https:\/\/www.schlosstorgelow.de\/es#\/schema\/person\/image\/","url":"https:\/\/secure.gravatar.com\/avatar\/4bad9bf1bee90f77b98693d3ad03ade085c80c169595427c58c58e5b069f49e1?s=96&d=mm&r=g","contentUrl":"https:\/\/secure.gravatar.com\/avatar\/4bad9bf1bee90f77b98693d3ad03ade085c80c169595427c58c58e5b069f49e1?s=96&d=mm&r=g","caption":"Schloss Torgelow"},"sameAs":["https:\/\/www.schlosstorgelow.de"]}]}},"block_visibility_meta":[],"_links":{"self":[{"href":"https:\/\/www.schlosstorgelow.de\/es\/wp-json\/wp\/v2\/posts\/82528","targetHints":{"allow":["GET"]}}],"collection":[{"href":"https:\/\/www.schlosstorgelow.de\/es\/wp-json\/wp\/v2\/posts"}],"about":[{"href":"https:\/\/www.schlosstorgelow.de\/es\/wp-json\/wp\/v2\/types\/post"}],"author":[{"embeddable":true,"href":"https:\/\/www.schlosstorgelow.de\/es\/wp-json\/wp\/v2\/users\/1"}],"replies":[{"embeddable":true,"href":"https:\/\/www.schlosstorgelow.de\/es\/wp-json\/wp\/v2\/comments?post=82528"}],"version-history":[{"count":0,"href":"https:\/\/www.schlosstorgelow.de\/es\/wp-json\/wp\/v2\/posts\/82528\/revisions"}],"wp:featuredmedia":[{"embeddable":true,"href":"https:\/\/www.schlosstorgelow.de\/es\/wp-json\/wp\/v2\/media\/43861"}],"wp:attachment":[{"href":"https:\/\/www.schlosstorgelow.de\/es\/wp-json\/wp\/v2\/media?parent=82528"}],"wp:term":[{"taxonomy":"category","embeddable":true,"href":"https:\/\/www.schlosstorgelow.de\/es\/wp-json\/wp\/v2\/categories?post=82528"},{"taxonomy":"post_tag","embeddable":true,"href":"https:\/\/www.schlosstorgelow.de\/es\/wp-json\/wp\/v2\/tags?post=82528"}],"curies":[{"name":"wp","href":"https:\/\/api.w.org\/{rel}","templated":true}]}}