{"id":82526,"date":"2025-07-16T12:37:30","date_gmt":"2025-07-16T12:37:30","guid":{"rendered":"https:\/\/www.schlosstorgelow.de\/mis-momentos-personales-del-abitur-2025"},"modified":"2026-01-12T07:58:51","modified_gmt":"2026-01-12T07:58:51","slug":"mis-momentos-personales-del-abitur-2025","status":"publish","type":"post","link":"https:\/\/www.schlosstorgelow.de\/es\/mis-momentos-personales-del-abitur-2025","title":{"rendered":"Mis momentos personales del Abitur 2025"},"content":{"rendered":"\n<p><em>Por supuesto que hay fotos oficiales de graduaci\u00f3n, son parte de ello. Pero a veces son los peque\u00f1os y silenciosos momentos al margen los que me quedan especialmente en el coraz\u00f3n. En este \u00e1lbum de fotos he recopilado mis im\u00e1genes favoritas del fin de semana de graduaci\u00f3n: instant\u00e1neas espont\u00e1neas, emociones reales, encuentros especiales.  <\/em><\/p>\n\n<p>Lejos de la foto grupal \u2013 \u00a1mis elecciones de bachillerato!<\/p>\n\n<p>Cordialmente<\/p>\n\n<p>Kirsten Lehmann<\/p>\n\n<section     class=\"custom-theme-block grid-gallery\">\n    <div class=\"container\">\n        <div class=\"row\">\n            <div class=\"col-lg-10 offset-lg-1\">\n                <div class=\"grid-gallery__heading\">\n                                                        <\/div>\n                                    <div class=\"grid-gallery__wrapper\">\n                                                        <a data-fslightbox href=\"https:\/\/www.schlosstorgelow.de\/wp-content\/uploads\/2025\/07\/Bilderalbum-Abitur-2025-1-7.avif\" aria-label=\"Image gallery\">\n                                    \n<picture>\n            <source media=\"(max-width: 575.98px)\" srcset=\"https:\/\/www.schlosstorgelow.de\/wp-content\/uploads\/2025\/07\/Bilderalbum-Abitur-2025-1-7-320x240.avif 320w, https:\/\/www.schlosstorgelow.de\/wp-content\/uploads\/2025\/07\/Bilderalbum-Abitur-2025-1-7-540x405.avif 540w, https:\/\/www.schlosstorgelow.de\/wp-content\/uploads\/2025\/07\/Bilderalbum-Abitur-2025-1-7-640x480.avif 640w\" sizes=\"calc(100vw - 32px)\" type=\"image\/avif\">\n    \n            <source srcset=\"https:\/\/www.schlosstorgelow.de\/wp-content\/uploads\/2025\/07\/Bilderalbum-Abitur-2025-1-7-320x240.avif 320w, https:\/\/www.schlosstorgelow.de\/wp-content\/uploads\/2025\/07\/Bilderalbum-Abitur-2025-1-7-540x405.avif 540w, https:\/\/www.schlosstorgelow.de\/wp-content\/uploads\/2025\/07\/Bilderalbum-Abitur-2025-1-7-640x480.avif 640w, https:\/\/www.schlosstorgelow.de\/wp-content\/uploads\/2025\/07\/Bilderalbum-Abitur-2025-1-7-720x540.avif 720w, https:\/\/www.schlosstorgelow.de\/wp-content\/uploads\/2025\/07\/Bilderalbum-Abitur-2025-1-7-1080x810.avif 1080w, https:\/\/www.schlosstorgelow.de\/wp-content\/uploads\/2025\/07\/Bilderalbum-Abitur-2025-1-7-1440x1080.avif 1440w\" sizes=\"(min-width: 768px) 720px, (min-width: 576px) 540px, calc(100vw - 32px)\" type=\"image\/avif\">\n    \n    \n    <img src=\"https:\/\/www.schlosstorgelow.de\/wp-content\/uploads\/2025\/07\/Bilderalbum-Abitur-2025-1-7-720x540.avif\"\n         srcset=\"https:\/\/www.schlosstorgelow.de\/wp-content\/uploads\/2025\/07\/Bilderalbum-Abitur-2025-1-7-320x240.avif 320w, https:\/\/www.schlosstorgelow.de\/wp-content\/uploads\/2025\/07\/Bilderalbum-Abitur-2025-1-7-540x405.avif 540w, https:\/\/www.schlosstorgelow.de\/wp-content\/uploads\/2025\/07\/Bilderalbum-Abitur-2025-1-7-640x480.avif 640w, https:\/\/www.schlosstorgelow.de\/wp-content\/uploads\/2025\/07\/Bilderalbum-Abitur-2025-1-7-720x540.avif 720w, https:\/\/www.schlosstorgelow.de\/wp-content\/uploads\/2025\/07\/Bilderalbum-Abitur-2025-1-7-1080x810.avif 1080w, https:\/\/www.schlosstorgelow.de\/wp-content\/uploads\/2025\/07\/Bilderalbum-Abitur-2025-1-7-1440x1080.avif 1440w\"         sizes=\"auto, (min-width: 768px) 720px, (min-width: 576px) 540px, calc(100vw - 32px)\"         alt=\"\u00c1lbum de fotos del bachillerato 2025\"\n         title=\"\u00c1lbum de fotos del bachillerato 2025\"\n         width=\"720\"\n         height=\"540\"\n          loading=\"lazy\" decoding=\"async\">\n<\/picture>\n                                <\/a>\n                                                                                    <a data-fslightbox href=\"https:\/\/www.schlosstorgelow.de\/wp-content\/uploads\/2025\/07\/Bilderalbum-Abitur-2025-2-7.avif\" aria-label=\"Image gallery\">\n                                    \n<picture>\n            <source media=\"(max-width: 575.98px)\" srcset=\"https:\/\/www.schlosstorgelow.de\/wp-content\/uploads\/2025\/07\/Bilderalbum-Abitur-2025-2-7-320x240.avif 320w, https:\/\/www.schlosstorgelow.de\/wp-content\/uploads\/2025\/07\/Bilderalbum-Abitur-2025-2-7-540x405.avif 540w, https:\/\/www.schlosstorgelow.de\/wp-content\/uploads\/2025\/07\/Bilderalbum-Abitur-2025-2-7-640x480.avif 640w\" sizes=\"calc(100vw - 32px)\" type=\"image\/avif\">\n    \n            <source srcset=\"https:\/\/www.schlosstorgelow.de\/wp-content\/uploads\/2025\/07\/Bilderalbum-Abitur-2025-2-7-320x240.avif 320w, https:\/\/www.schlosstorgelow.de\/wp-content\/uploads\/2025\/07\/Bilderalbum-Abitur-2025-2-7-540x405.avif 540w, https:\/\/www.schlosstorgelow.de\/wp-content\/uploads\/2025\/07\/Bilderalbum-Abitur-2025-2-7-640x480.avif 640w, https:\/\/www.schlosstorgelow.de\/wp-content\/uploads\/2025\/07\/Bilderalbum-Abitur-2025-2-7-720x540.avif 720w, https:\/\/www.schlosstorgelow.de\/wp-content\/uploads\/2025\/07\/Bilderalbum-Abitur-2025-2-7-1080x810.avif 1080w, https:\/\/www.schlosstorgelow.de\/wp-content\/uploads\/2025\/07\/Bilderalbum-Abitur-2025-2-7-1440x1080.avif 1440w\" sizes=\"(min-width: 768px) 720px, (min-width: 576px) 540px, calc(100vw - 32px)\" type=\"image\/avif\">\n    \n    \n    <img src=\"https:\/\/www.schlosstorgelow.de\/wp-content\/uploads\/2025\/07\/Bilderalbum-Abitur-2025-2-7-720x540.avif\"\n         srcset=\"https:\/\/www.schlosstorgelow.de\/wp-content\/uploads\/2025\/07\/Bilderalbum-Abitur-2025-2-7-320x240.avif 320w, https:\/\/www.schlosstorgelow.de\/wp-content\/uploads\/2025\/07\/Bilderalbum-Abitur-2025-2-7-540x405.avif 540w, https:\/\/www.schlosstorgelow.de\/wp-content\/uploads\/2025\/07\/Bilderalbum-Abitur-2025-2-7-640x480.avif 640w, https:\/\/www.schlosstorgelow.de\/wp-content\/uploads\/2025\/07\/Bilderalbum-Abitur-2025-2-7-720x540.avif 720w, https:\/\/www.schlosstorgelow.de\/wp-content\/uploads\/2025\/07\/Bilderalbum-Abitur-2025-2-7-1080x810.avif 1080w, https:\/\/www.schlosstorgelow.de\/wp-content\/uploads\/2025\/07\/Bilderalbum-Abitur-2025-2-7-1440x1080.avif 1440w\"         sizes=\"auto, (min-width: 768px) 720px, (min-width: 576px) 540px, calc(100vw - 32px)\"         alt=\"\u00c1lbum de fotos del bachillerato 2025\"\n         title=\"\u00c1lbum de fotos del bachillerato 2025\"\n         width=\"720\"\n         height=\"540\"\n          loading=\"lazy\" decoding=\"async\">\n<\/picture>\n                                <\/a>\n                                                                                    <a data-fslightbox href=\"https:\/\/www.schlosstorgelow.de\/wp-content\/uploads\/2025\/07\/Bilderalbum-Abitur-2025-3-7.avif\" aria-label=\"Image gallery\">\n                                    \n<picture>\n            <source media=\"(max-width: 575.98px)\" srcset=\"https:\/\/www.schlosstorgelow.de\/wp-content\/uploads\/2025\/07\/Bilderalbum-Abitur-2025-3-7-320x240.avif 320w, https:\/\/www.schlosstorgelow.de\/wp-content\/uploads\/2025\/07\/Bilderalbum-Abitur-2025-3-7-540x405.avif 540w, https:\/\/www.schlosstorgelow.de\/wp-content\/uploads\/2025\/07\/Bilderalbum-Abitur-2025-3-7-640x480.avif 640w\" sizes=\"calc(100vw - 32px)\" type=\"image\/avif\">\n    \n            <source srcset=\"https:\/\/www.schlosstorgelow.de\/wp-content\/uploads\/2025\/07\/Bilderalbum-Abitur-2025-3-7-320x240.avif 320w, https:\/\/www.schlosstorgelow.de\/wp-content\/uploads\/2025\/07\/Bilderalbum-Abitur-2025-3-7-540x405.avif 540w, https:\/\/www.schlosstorgelow.de\/wp-content\/uploads\/2025\/07\/Bilderalbum-Abitur-2025-3-7-640x480.avif 640w, https:\/\/www.schlosstorgelow.de\/wp-content\/uploads\/2025\/07\/Bilderalbum-Abitur-2025-3-7-720x540.avif 720w, https:\/\/www.schlosstorgelow.de\/wp-content\/uploads\/2025\/07\/Bilderalbum-Abitur-2025-3-7-1080x810.avif 1080w, https:\/\/www.schlosstorgelow.de\/wp-content\/uploads\/2025\/07\/Bilderalbum-Abitur-2025-3-7-1440x1080.avif 1440w\" sizes=\"(min-width: 768px) 720px, (min-width: 576px) 540px, calc(100vw - 32px)\" type=\"image\/avif\">\n    \n    \n    <img src=\"https:\/\/www.schlosstorgelow.de\/wp-content\/uploads\/2025\/07\/Bilderalbum-Abitur-2025-3-7-720x540.avif\"\n         srcset=\"https:\/\/www.schlosstorgelow.de\/wp-content\/uploads\/2025\/07\/Bilderalbum-Abitur-2025-3-7-320x240.avif 320w, https:\/\/www.schlosstorgelow.de\/wp-content\/uploads\/2025\/07\/Bilderalbum-Abitur-2025-3-7-540x405.avif 540w, https:\/\/www.schlosstorgelow.de\/wp-content\/uploads\/2025\/07\/Bilderalbum-Abitur-2025-3-7-640x480.avif 640w, https:\/\/www.schlosstorgelow.de\/wp-content\/uploads\/2025\/07\/Bilderalbum-Abitur-2025-3-7-720x540.avif 720w, https:\/\/www.schlosstorgelow.de\/wp-content\/uploads\/2025\/07\/Bilderalbum-Abitur-2025-3-7-1080x810.avif 1080w, https:\/\/www.schlosstorgelow.de\/wp-content\/uploads\/2025\/07\/Bilderalbum-Abitur-2025-3-7-1440x1080.avif 1440w\"         sizes=\"auto, (min-width: 768px) 720px, (min-width: 576px) 540px, calc(100vw - 32px)\"         alt=\"\u00c1lbum de fotos del bachillerato 2025\"\n         title=\"\u00c1lbum de fotos del bachillerato 2025\"\n         width=\"720\"\n         height=\"540\"\n          loading=\"lazy\" decoding=\"async\">\n<\/picture>\n                                <\/a>\n                                                                                    <a data-fslightbox href=\"https:\/\/www.schlosstorgelow.de\/wp-content\/uploads\/2025\/07\/Bilderalbum-Abitur-2025-4-7.avif\" aria-label=\"Image gallery\">\n                                    \n<picture>\n            <source media=\"(max-width: 575.98px)\" srcset=\"https:\/\/www.schlosstorgelow.de\/wp-content\/uploads\/2025\/07\/Bilderalbum-Abitur-2025-4-7-320x240.avif 320w, https:\/\/www.schlosstorgelow.de\/wp-content\/uploads\/2025\/07\/Bilderalbum-Abitur-2025-4-7-540x405.avif 540w, https:\/\/www.schlosstorgelow.de\/wp-content\/uploads\/2025\/07\/Bilderalbum-Abitur-2025-4-7-640x480.avif 640w\" sizes=\"calc(100vw - 32px)\" type=\"image\/avif\">\n    \n            <source srcset=\"https:\/\/www.schlosstorgelow.de\/wp-content\/uploads\/2025\/07\/Bilderalbum-Abitur-2025-4-7-320x240.avif 320w, https:\/\/www.schlosstorgelow.de\/wp-content\/uploads\/2025\/07\/Bilderalbum-Abitur-2025-4-7-540x405.avif 540w, https:\/\/www.schlosstorgelow.de\/wp-content\/uploads\/2025\/07\/Bilderalbum-Abitur-2025-4-7-640x480.avif 640w, https:\/\/www.schlosstorgelow.de\/wp-content\/uploads\/2025\/07\/Bilderalbum-Abitur-2025-4-7-720x540.avif 720w, https:\/\/www.schlosstorgelow.de\/wp-content\/uploads\/2025\/07\/Bilderalbum-Abitur-2025-4-7-1080x810.avif 1080w, https:\/\/www.schlosstorgelow.de\/wp-content\/uploads\/2025\/07\/Bilderalbum-Abitur-2025-4-7-1440x1080.avif 1440w\" sizes=\"(min-width: 768px) 720px, (min-width: 576px) 540px, calc(100vw - 32px)\" type=\"image\/avif\">\n    \n    \n    <img src=\"https:\/\/www.schlosstorgelow.de\/wp-content\/uploads\/2025\/07\/Bilderalbum-Abitur-2025-4-7-720x540.avif\"\n         srcset=\"https:\/\/www.schlosstorgelow.de\/wp-content\/uploads\/2025\/07\/Bilderalbum-Abitur-2025-4-7-320x240.avif 320w, https:\/\/www.schlosstorgelow.de\/wp-content\/uploads\/2025\/07\/Bilderalbum-Abitur-2025-4-7-540x405.avif 540w, https:\/\/www.schlosstorgelow.de\/wp-content\/uploads\/2025\/07\/Bilderalbum-Abitur-2025-4-7-640x480.avif 640w, https:\/\/www.schlosstorgelow.de\/wp-content\/uploads\/2025\/07\/Bilderalbum-Abitur-2025-4-7-720x540.avif 720w, https:\/\/www.schlosstorgelow.de\/wp-content\/uploads\/2025\/07\/Bilderalbum-Abitur-2025-4-7-1080x810.avif 1080w, https:\/\/www.schlosstorgelow.de\/wp-content\/uploads\/2025\/07\/Bilderalbum-Abitur-2025-4-7-1440x1080.avif 1440w\"         sizes=\"auto, (min-width: 768px) 720px, (min-width: 576px) 540px, calc(100vw - 32px)\"         alt=\"\u00c1lbum de fotos del bachillerato 2025\"\n         title=\"\u00c1lbum de fotos del bachillerato 2025\"\n         width=\"720\"\n         height=\"540\"\n          loading=\"lazy\" decoding=\"async\">\n<\/picture>\n                                <\/a>\n                                                                                    <a data-fslightbox href=\"https:\/\/www.schlosstorgelow.de\/wp-content\/uploads\/2025\/07\/Bilderalbum-Abitur-2025-5-7.avif\" aria-label=\"Image gallery\">\n                                    \n<picture>\n            <source media=\"(max-width: 575.98px)\" srcset=\"https:\/\/www.schlosstorgelow.de\/wp-content\/uploads\/2025\/07\/Bilderalbum-Abitur-2025-5-7-320x240.avif 320w, https:\/\/www.schlosstorgelow.de\/wp-content\/uploads\/2025\/07\/Bilderalbum-Abitur-2025-5-7-540x405.avif 540w, https:\/\/www.schlosstorgelow.de\/wp-content\/uploads\/2025\/07\/Bilderalbum-Abitur-2025-5-7-640x480.avif 640w\" sizes=\"calc(100vw - 32px)\" type=\"image\/avif\">\n    \n            <source srcset=\"https:\/\/www.schlosstorgelow.de\/wp-content\/uploads\/2025\/07\/Bilderalbum-Abitur-2025-5-7-320x240.avif 320w, https:\/\/www.schlosstorgelow.de\/wp-content\/uploads\/2025\/07\/Bilderalbum-Abitur-2025-5-7-540x405.avif 540w, https:\/\/www.schlosstorgelow.de\/wp-content\/uploads\/2025\/07\/Bilderalbum-Abitur-2025-5-7-640x480.avif 640w, https:\/\/www.schlosstorgelow.de\/wp-content\/uploads\/2025\/07\/Bilderalbum-Abitur-2025-5-7-720x540.avif 720w, https:\/\/www.schlosstorgelow.de\/wp-content\/uploads\/2025\/07\/Bilderalbum-Abitur-2025-5-7-1080x810.avif 1080w, https:\/\/www.schlosstorgelow.de\/wp-content\/uploads\/2025\/07\/Bilderalbum-Abitur-2025-5-7-1440x1080.avif 1440w\" sizes=\"(min-width: 768px) 720px, (min-width: 576px) 540px, calc(100vw - 32px)\" type=\"image\/avif\">\n    \n    \n    <img src=\"https:\/\/www.schlosstorgelow.de\/wp-content\/uploads\/2025\/07\/Bilderalbum-Abitur-2025-5-7-720x540.avif\"\n         srcset=\"https:\/\/www.schlosstorgelow.de\/wp-content\/uploads\/2025\/07\/Bilderalbum-Abitur-2025-5-7-320x240.avif 320w, https:\/\/www.schlosstorgelow.de\/wp-content\/uploads\/2025\/07\/Bilderalbum-Abitur-2025-5-7-540x405.avif 540w, https:\/\/www.schlosstorgelow.de\/wp-content\/uploads\/2025\/07\/Bilderalbum-Abitur-2025-5-7-640x480.avif 640w, https:\/\/www.schlosstorgelow.de\/wp-content\/uploads\/2025\/07\/Bilderalbum-Abitur-2025-5-7-720x540.avif 720w, https:\/\/www.schlosstorgelow.de\/wp-content\/uploads\/2025\/07\/Bilderalbum-Abitur-2025-5-7-1080x810.avif 1080w, https:\/\/www.schlosstorgelow.de\/wp-content\/uploads\/2025\/07\/Bilderalbum-Abitur-2025-5-7-1440x1080.avif 1440w\"         sizes=\"auto, (min-width: 768px) 720px, (min-width: 576px) 540px, calc(100vw - 32px)\"         alt=\"\u00c1lbum de fotos del bachillerato 2025\"\n         title=\"\u00c1lbum de fotos del bachillerato 2025\"\n         width=\"720\"\n         height=\"540\"\n          loading=\"lazy\" decoding=\"async\">\n<\/picture>\n                                <\/a>\n                                                                                    <a data-fslightbox href=\"https:\/\/www.schlosstorgelow.de\/wp-content\/uploads\/2025\/07\/Bilderalbum-Abitur-2025-6-7.avif\" aria-label=\"Image gallery\">\n                                    \n<picture>\n            <source media=\"(max-width: 575.98px)\" srcset=\"https:\/\/www.schlosstorgelow.de\/wp-content\/uploads\/2025\/07\/Bilderalbum-Abitur-2025-6-7-320x240.avif 320w, https:\/\/www.schlosstorgelow.de\/wp-content\/uploads\/2025\/07\/Bilderalbum-Abitur-2025-6-7-540x405.avif 540w, https:\/\/www.schlosstorgelow.de\/wp-content\/uploads\/2025\/07\/Bilderalbum-Abitur-2025-6-7-640x480.avif 640w\" sizes=\"calc(100vw - 32px)\" type=\"image\/avif\">\n    \n            <source srcset=\"https:\/\/www.schlosstorgelow.de\/wp-content\/uploads\/2025\/07\/Bilderalbum-Abitur-2025-6-7-320x240.avif 320w, https:\/\/www.schlosstorgelow.de\/wp-content\/uploads\/2025\/07\/Bilderalbum-Abitur-2025-6-7-540x405.avif 540w, https:\/\/www.schlosstorgelow.de\/wp-content\/uploads\/2025\/07\/Bilderalbum-Abitur-2025-6-7-640x480.avif 640w, https:\/\/www.schlosstorgelow.de\/wp-content\/uploads\/2025\/07\/Bilderalbum-Abitur-2025-6-7-720x540.avif 720w, https:\/\/www.schlosstorgelow.de\/wp-content\/uploads\/2025\/07\/Bilderalbum-Abitur-2025-6-7-1080x810.avif 1080w, https:\/\/www.schlosstorgelow.de\/wp-content\/uploads\/2025\/07\/Bilderalbum-Abitur-2025-6-7-1440x1080.avif 1440w\" sizes=\"(min-width: 768px) 720px, (min-width: 576px) 540px, calc(100vw - 32px)\" type=\"image\/avif\">\n    \n    \n    <img src=\"https:\/\/www.schlosstorgelow.de\/wp-content\/uploads\/2025\/07\/Bilderalbum-Abitur-2025-6-7-720x540.avif\"\n         srcset=\"https:\/\/www.schlosstorgelow.de\/wp-content\/uploads\/2025\/07\/Bilderalbum-Abitur-2025-6-7-320x240.avif 320w, https:\/\/www.schlosstorgelow.de\/wp-content\/uploads\/2025\/07\/Bilderalbum-Abitur-2025-6-7-540x405.avif 540w, https:\/\/www.schlosstorgelow.de\/wp-content\/uploads\/2025\/07\/Bilderalbum-Abitur-2025-6-7-640x480.avif 640w, https:\/\/www.schlosstorgelow.de\/wp-content\/uploads\/2025\/07\/Bilderalbum-Abitur-2025-6-7-720x540.avif 720w, https:\/\/www.schlosstorgelow.de\/wp-content\/uploads\/2025\/07\/Bilderalbum-Abitur-2025-6-7-1080x810.avif 1080w, https:\/\/www.schlosstorgelow.de\/wp-content\/uploads\/2025\/07\/Bilderalbum-Abitur-2025-6-7-1440x1080.avif 1440w\"         sizes=\"auto, (min-width: 768px) 720px, (min-width: 576px) 540px, calc(100vw - 32px)\"         alt=\"\u00c1lbum de fotos del bachillerato 2025\"\n         title=\"\u00c1lbum de fotos del bachillerato 2025\"\n         width=\"720\"\n         height=\"540\"\n          loading=\"lazy\" decoding=\"async\">\n<\/picture>\n                                <\/a>\n                                                                                    <a data-fslightbox href=\"https:\/\/www.schlosstorgelow.de\/wp-content\/uploads\/2025\/07\/Bilderalbum-Abitur-2025-7-7.avif\" aria-label=\"Image gallery\">\n                                    \n<picture>\n            <source media=\"(max-width: 575.98px)\" srcset=\"https:\/\/www.schlosstorgelow.de\/wp-content\/uploads\/2025\/07\/Bilderalbum-Abitur-2025-7-7-320x240.avif 320w, https:\/\/www.schlosstorgelow.de\/wp-content\/uploads\/2025\/07\/Bilderalbum-Abitur-2025-7-7-540x405.avif 540w, https:\/\/www.schlosstorgelow.de\/wp-content\/uploads\/2025\/07\/Bilderalbum-Abitur-2025-7-7-640x480.avif 640w\" sizes=\"calc(100vw - 32px)\" type=\"image\/avif\">\n    \n            <source srcset=\"https:\/\/www.schlosstorgelow.de\/wp-content\/uploads\/2025\/07\/Bilderalbum-Abitur-2025-7-7-320x240.avif 320w, https:\/\/www.schlosstorgelow.de\/wp-content\/uploads\/2025\/07\/Bilderalbum-Abitur-2025-7-7-540x405.avif 540w, https:\/\/www.schlosstorgelow.de\/wp-content\/uploads\/2025\/07\/Bilderalbum-Abitur-2025-7-7-640x480.avif 640w, https:\/\/www.schlosstorgelow.de\/wp-content\/uploads\/2025\/07\/Bilderalbum-Abitur-2025-7-7-720x540.avif 720w, https:\/\/www.schlosstorgelow.de\/wp-content\/uploads\/2025\/07\/Bilderalbum-Abitur-2025-7-7-1080x810.avif 1080w, https:\/\/www.schlosstorgelow.de\/wp-content\/uploads\/2025\/07\/Bilderalbum-Abitur-2025-7-7-1440x1080.avif 1440w\" sizes=\"(min-width: 768px) 720px, (min-width: 576px) 540px, calc(100vw - 32px)\" type=\"image\/avif\">\n    \n    \n    <img src=\"https:\/\/www.schlosstorgelow.de\/wp-content\/uploads\/2025\/07\/Bilderalbum-Abitur-2025-7-7-720x540.avif\"\n         srcset=\"https:\/\/www.schlosstorgelow.de\/wp-content\/uploads\/2025\/07\/Bilderalbum-Abitur-2025-7-7-320x240.avif 320w, https:\/\/www.schlosstorgelow.de\/wp-content\/uploads\/2025\/07\/Bilderalbum-Abitur-2025-7-7-540x405.avif 540w, https:\/\/www.schlosstorgelow.de\/wp-content\/uploads\/2025\/07\/Bilderalbum-Abitur-2025-7-7-640x480.avif 640w, https:\/\/www.schlosstorgelow.de\/wp-content\/uploads\/2025\/07\/Bilderalbum-Abitur-2025-7-7-720x540.avif 720w, https:\/\/www.schlosstorgelow.de\/wp-content\/uploads\/2025\/07\/Bilderalbum-Abitur-2025-7-7-1080x810.avif 1080w, https:\/\/www.schlosstorgelow.de\/wp-content\/uploads\/2025\/07\/Bilderalbum-Abitur-2025-7-7-1440x1080.avif 1440w\"         sizes=\"auto, (min-width: 768px) 720px, (min-width: 576px) 540px, calc(100vw - 32px)\"         alt=\"\u00c1lbum de fotos del bachillerato 2025\"\n         title=\"\u00c1lbum de fotos del bachillerato 2025\"\n         width=\"720\"\n         height=\"540\"\n          loading=\"lazy\" decoding=\"async\">\n<\/picture>\n                                <\/a>\n                                                                                    <a data-fslightbox href=\"https:\/\/www.schlosstorgelow.de\/wp-content\/uploads\/2025\/07\/Bilderalbum-Abitur-2025-8-7.avif\" aria-label=\"Image gallery\">\n                                    \n<picture>\n            <source media=\"(max-width: 575.98px)\" srcset=\"https:\/\/www.schlosstorgelow.de\/wp-content\/uploads\/2025\/07\/Bilderalbum-Abitur-2025-8-7-320x240.avif 320w, https:\/\/www.schlosstorgelow.de\/wp-content\/uploads\/2025\/07\/Bilderalbum-Abitur-2025-8-7-540x405.avif 540w, https:\/\/www.schlosstorgelow.de\/wp-content\/uploads\/2025\/07\/Bilderalbum-Abitur-2025-8-7-640x480.avif 640w\" sizes=\"calc(100vw - 32px)\" type=\"image\/avif\">\n    \n            <source srcset=\"https:\/\/www.schlosstorgelow.de\/wp-content\/uploads\/2025\/07\/Bilderalbum-Abitur-2025-8-7-320x240.avif 320w, https:\/\/www.schlosstorgelow.de\/wp-content\/uploads\/2025\/07\/Bilderalbum-Abitur-2025-8-7-540x405.avif 540w, https:\/\/www.schlosstorgelow.de\/wp-content\/uploads\/2025\/07\/Bilderalbum-Abitur-2025-8-7-640x480.avif 640w, https:\/\/www.schlosstorgelow.de\/wp-content\/uploads\/2025\/07\/Bilderalbum-Abitur-2025-8-7-720x540.avif 720w, https:\/\/www.schlosstorgelow.de\/wp-content\/uploads\/2025\/07\/Bilderalbum-Abitur-2025-8-7-1080x810.avif 1080w, https:\/\/www.schlosstorgelow.de\/wp-content\/uploads\/2025\/07\/Bilderalbum-Abitur-2025-8-7-1440x1080.avif 1440w\" sizes=\"(min-width: 768px) 720px, (min-width: 576px) 540px, calc(100vw - 32px)\" type=\"image\/avif\">\n    \n    \n    <img src=\"https:\/\/www.schlosstorgelow.de\/wp-content\/uploads\/2025\/07\/Bilderalbum-Abitur-2025-8-7-720x540.avif\"\n         srcset=\"https:\/\/www.schlosstorgelow.de\/wp-content\/uploads\/2025\/07\/Bilderalbum-Abitur-2025-8-7-320x240.avif 320w, https:\/\/www.schlosstorgelow.de\/wp-content\/uploads\/2025\/07\/Bilderalbum-Abitur-2025-8-7-540x405.avif 540w, https:\/\/www.schlosstorgelow.de\/wp-content\/uploads\/2025\/07\/Bilderalbum-Abitur-2025-8-7-640x480.avif 640w, https:\/\/www.schlosstorgelow.de\/wp-content\/uploads\/2025\/07\/Bilderalbum-Abitur-2025-8-7-720x540.avif 720w, https:\/\/www.schlosstorgelow.de\/wp-content\/uploads\/2025\/07\/Bilderalbum-Abitur-2025-8-7-1080x810.avif 1080w, https:\/\/www.schlosstorgelow.de\/wp-content\/uploads\/2025\/07\/Bilderalbum-Abitur-2025-8-7-1440x1080.avif 1440w\"         sizes=\"auto, (min-width: 768px) 720px, (min-width: 576px) 540px, calc(100vw - 32px)\"         alt=\"\u00c1lbum de fotos del bachillerato 2025\"\n         title=\"\u00c1lbum de fotos del bachillerato 2025\"\n         width=\"720\"\n         height=\"540\"\n          loading=\"lazy\" decoding=\"async\">\n<\/picture>\n                                <\/a>\n                                                                                    <a data-fslightbox href=\"https:\/\/www.schlosstorgelow.de\/wp-content\/uploads\/2025\/07\/Bilderalbum-Abitur-2025-9-7.avif\" aria-label=\"Image gallery\">\n                                    \n<picture>\n            <source media=\"(max-width: 575.98px)\" srcset=\"https:\/\/www.schlosstorgelow.de\/wp-content\/uploads\/2025\/07\/Bilderalbum-Abitur-2025-9-7-320x240.avif 320w, https:\/\/www.schlosstorgelow.de\/wp-content\/uploads\/2025\/07\/Bilderalbum-Abitur-2025-9-7-540x405.avif 540w, https:\/\/www.schlosstorgelow.de\/wp-content\/uploads\/2025\/07\/Bilderalbum-Abitur-2025-9-7-640x480.avif 640w\" sizes=\"calc(100vw - 32px)\" type=\"image\/avif\">\n    \n            <source srcset=\"https:\/\/www.schlosstorgelow.de\/wp-content\/uploads\/2025\/07\/Bilderalbum-Abitur-2025-9-7-320x240.avif 320w, https:\/\/www.schlosstorgelow.de\/wp-content\/uploads\/2025\/07\/Bilderalbum-Abitur-2025-9-7-540x405.avif 540w, https:\/\/www.schlosstorgelow.de\/wp-content\/uploads\/2025\/07\/Bilderalbum-Abitur-2025-9-7-640x480.avif 640w, https:\/\/www.schlosstorgelow.de\/wp-content\/uploads\/2025\/07\/Bilderalbum-Abitur-2025-9-7-720x540.avif 720w, https:\/\/www.schlosstorgelow.de\/wp-content\/uploads\/2025\/07\/Bilderalbum-Abitur-2025-9-7-1080x810.avif 1080w, https:\/\/www.schlosstorgelow.de\/wp-content\/uploads\/2025\/07\/Bilderalbum-Abitur-2025-9-7-1440x1080.avif 1440w\" sizes=\"(min-width: 768px) 720px, (min-width: 576px) 540px, calc(100vw - 32px)\" type=\"image\/avif\">\n    \n    \n    <img src=\"https:\/\/www.schlosstorgelow.de\/wp-content\/uploads\/2025\/07\/Bilderalbum-Abitur-2025-9-7-720x540.avif\"\n         srcset=\"https:\/\/www.schlosstorgelow.de\/wp-content\/uploads\/2025\/07\/Bilderalbum-Abitur-2025-9-7-320x240.avif 320w, https:\/\/www.schlosstorgelow.de\/wp-content\/uploads\/2025\/07\/Bilderalbum-Abitur-2025-9-7-540x405.avif 540w, https:\/\/www.schlosstorgelow.de\/wp-content\/uploads\/2025\/07\/Bilderalbum-Abitur-2025-9-7-640x480.avif 640w, https:\/\/www.schlosstorgelow.de\/wp-content\/uploads\/2025\/07\/Bilderalbum-Abitur-2025-9-7-720x540.avif 720w, https:\/\/www.schlosstorgelow.de\/wp-content\/uploads\/2025\/07\/Bilderalbum-Abitur-2025-9-7-1080x810.avif 1080w, https:\/\/www.schlosstorgelow.de\/wp-content\/uploads\/2025\/07\/Bilderalbum-Abitur-2025-9-7-1440x1080.avif 1440w\"         sizes=\"auto, (min-width: 768px) 720px, (min-width: 576px) 540px, calc(100vw - 32px)\"         alt=\"\u00c1lbum de fotos del bachillerato 2025\"\n         title=\"\u00c1lbum de fotos del bachillerato 2025\"\n         width=\"720\"\n         height=\"540\"\n          loading=\"lazy\" decoding=\"async\">\n<\/picture>\n                                <\/a>\n                                                                                    <a data-fslightbox href=\"https:\/\/www.schlosstorgelow.de\/wp-content\/uploads\/2025\/07\/Bilderalbum-Abitur-2025-10-7.avif\" aria-label=\"Image gallery\">\n                                    \n<picture>\n            <source media=\"(max-width: 575.98px)\" srcset=\"https:\/\/www.schlosstorgelow.de\/wp-content\/uploads\/2025\/07\/Bilderalbum-Abitur-2025-10-7-320x240.avif 320w, https:\/\/www.schlosstorgelow.de\/wp-content\/uploads\/2025\/07\/Bilderalbum-Abitur-2025-10-7-540x405.avif 540w, https:\/\/www.schlosstorgelow.de\/wp-content\/uploads\/2025\/07\/Bilderalbum-Abitur-2025-10-7-640x480.avif 640w\" sizes=\"calc(100vw - 32px)\" type=\"image\/avif\">\n    \n            <source srcset=\"https:\/\/www.schlosstorgelow.de\/wp-content\/uploads\/2025\/07\/Bilderalbum-Abitur-2025-10-7-320x240.avif 320w, https:\/\/www.schlosstorgelow.de\/wp-content\/uploads\/2025\/07\/Bilderalbum-Abitur-2025-10-7-540x405.avif 540w, https:\/\/www.schlosstorgelow.de\/wp-content\/uploads\/2025\/07\/Bilderalbum-Abitur-2025-10-7-640x480.avif 640w, https:\/\/www.schlosstorgelow.de\/wp-content\/uploads\/2025\/07\/Bilderalbum-Abitur-2025-10-7-720x540.avif 720w, https:\/\/www.schlosstorgelow.de\/wp-content\/uploads\/2025\/07\/Bilderalbum-Abitur-2025-10-7-1080x810.avif 1080w, https:\/\/www.schlosstorgelow.de\/wp-content\/uploads\/2025\/07\/Bilderalbum-Abitur-2025-10-7-1440x1080.avif 1440w\" sizes=\"(min-width: 768px) 720px, (min-width: 576px) 540px, calc(100vw - 32px)\" type=\"image\/avif\">\n    \n    \n    <img src=\"https:\/\/www.schlosstorgelow.de\/wp-content\/uploads\/2025\/07\/Bilderalbum-Abitur-2025-10-7-720x540.avif\"\n         srcset=\"https:\/\/www.schlosstorgelow.de\/wp-content\/uploads\/2025\/07\/Bilderalbum-Abitur-2025-10-7-320x240.avif 320w, https:\/\/www.schlosstorgelow.de\/wp-content\/uploads\/2025\/07\/Bilderalbum-Abitur-2025-10-7-540x405.avif 540w, https:\/\/www.schlosstorgelow.de\/wp-content\/uploads\/2025\/07\/Bilderalbum-Abitur-2025-10-7-640x480.avif 640w, https:\/\/www.schlosstorgelow.de\/wp-content\/uploads\/2025\/07\/Bilderalbum-Abitur-2025-10-7-720x540.avif 720w, https:\/\/www.schlosstorgelow.de\/wp-content\/uploads\/2025\/07\/Bilderalbum-Abitur-2025-10-7-1080x810.avif 1080w, https:\/\/www.schlosstorgelow.de\/wp-content\/uploads\/2025\/07\/Bilderalbum-Abitur-2025-10-7-1440x1080.avif 1440w\"         sizes=\"auto, (min-width: 768px) 720px, (min-width: 576px) 540px, calc(100vw - 32px)\"         alt=\"\u00c1lbum de fotos del bachillerato 2025\"\n         title=\"\u00c1lbum de fotos del bachillerato 2025\"\n         width=\"720\"\n         height=\"540\"\n          loading=\"lazy\" decoding=\"async\">\n<\/picture>\n                                <\/a>\n                                                                                    <a data-fslightbox href=\"https:\/\/www.schlosstorgelow.de\/wp-content\/uploads\/2025\/07\/Bilderalbum-Abitur-2025-11-7.avif\" aria-label=\"Image gallery\">\n                                    \n<picture>\n            <source media=\"(max-width: 575.98px)\" srcset=\"https:\/\/www.schlosstorgelow.de\/wp-content\/uploads\/2025\/07\/Bilderalbum-Abitur-2025-11-7-320x240.avif 320w, https:\/\/www.schlosstorgelow.de\/wp-content\/uploads\/2025\/07\/Bilderalbum-Abitur-2025-11-7-540x405.avif 540w, https:\/\/www.schlosstorgelow.de\/wp-content\/uploads\/2025\/07\/Bilderalbum-Abitur-2025-11-7-640x480.avif 640w\" sizes=\"calc(100vw - 32px)\" type=\"image\/avif\">\n    \n            <source srcset=\"https:\/\/www.schlosstorgelow.de\/wp-content\/uploads\/2025\/07\/Bilderalbum-Abitur-2025-11-7-320x240.avif 320w, https:\/\/www.schlosstorgelow.de\/wp-content\/uploads\/2025\/07\/Bilderalbum-Abitur-2025-11-7-540x405.avif 540w, https:\/\/www.schlosstorgelow.de\/wp-content\/uploads\/2025\/07\/Bilderalbum-Abitur-2025-11-7-640x480.avif 640w, https:\/\/www.schlosstorgelow.de\/wp-content\/uploads\/2025\/07\/Bilderalbum-Abitur-2025-11-7-720x540.avif 720w, https:\/\/www.schlosstorgelow.de\/wp-content\/uploads\/2025\/07\/Bilderalbum-Abitur-2025-11-7-1080x810.avif 1080w, https:\/\/www.schlosstorgelow.de\/wp-content\/uploads\/2025\/07\/Bilderalbum-Abitur-2025-11-7-1440x1080.avif 1440w\" sizes=\"(min-width: 768px) 720px, (min-width: 576px) 540px, calc(100vw - 32px)\" type=\"image\/avif\">\n    \n    \n    <img src=\"https:\/\/www.schlosstorgelow.de\/wp-content\/uploads\/2025\/07\/Bilderalbum-Abitur-2025-11-7-720x540.avif\"\n         srcset=\"https:\/\/www.schlosstorgelow.de\/wp-content\/uploads\/2025\/07\/Bilderalbum-Abitur-2025-11-7-320x240.avif 320w, https:\/\/www.schlosstorgelow.de\/wp-content\/uploads\/2025\/07\/Bilderalbum-Abitur-2025-11-7-540x405.avif 540w, https:\/\/www.schlosstorgelow.de\/wp-content\/uploads\/2025\/07\/Bilderalbum-Abitur-2025-11-7-640x480.avif 640w, https:\/\/www.schlosstorgelow.de\/wp-content\/uploads\/2025\/07\/Bilderalbum-Abitur-2025-11-7-720x540.avif 720w, https:\/\/www.schlosstorgelow.de\/wp-content\/uploads\/2025\/07\/Bilderalbum-Abitur-2025-11-7-1080x810.avif 1080w, https:\/\/www.schlosstorgelow.de\/wp-content\/uploads\/2025\/07\/Bilderalbum-Abitur-2025-11-7-1440x1080.avif 1440w\"         sizes=\"auto, (min-width: 768px) 720px, (min-width: 576px) 540px, calc(100vw - 32px)\"         alt=\"\u00c1lbum de fotos del bachillerato 2025\"\n         title=\"\u00c1lbum de fotos del bachillerato 2025\"\n         width=\"720\"\n         height=\"540\"\n          loading=\"lazy\" decoding=\"async\">\n<\/picture>\n                                <\/a>\n                                                                                    <a data-fslightbox href=\"https:\/\/www.schlosstorgelow.de\/wp-content\/uploads\/2025\/07\/Bilderalbum-Abitur-2025-12-7.avif\" aria-label=\"Image gallery\">\n                                    \n<picture>\n            <source media=\"(max-width: 575.98px)\" srcset=\"https:\/\/www.schlosstorgelow.de\/wp-content\/uploads\/2025\/07\/Bilderalbum-Abitur-2025-12-7-320x240.avif 320w, https:\/\/www.schlosstorgelow.de\/wp-content\/uploads\/2025\/07\/Bilderalbum-Abitur-2025-12-7-540x405.avif 540w, https:\/\/www.schlosstorgelow.de\/wp-content\/uploads\/2025\/07\/Bilderalbum-Abitur-2025-12-7-640x480.avif 640w\" sizes=\"calc(100vw - 32px)\" type=\"image\/avif\">\n    \n            <source srcset=\"https:\/\/www.schlosstorgelow.de\/wp-content\/uploads\/2025\/07\/Bilderalbum-Abitur-2025-12-7-320x240.avif 320w, https:\/\/www.schlosstorgelow.de\/wp-content\/uploads\/2025\/07\/Bilderalbum-Abitur-2025-12-7-540x405.avif 540w, https:\/\/www.schlosstorgelow.de\/wp-content\/uploads\/2025\/07\/Bilderalbum-Abitur-2025-12-7-640x480.avif 640w, https:\/\/www.schlosstorgelow.de\/wp-content\/uploads\/2025\/07\/Bilderalbum-Abitur-2025-12-7-720x540.avif 720w, https:\/\/www.schlosstorgelow.de\/wp-content\/uploads\/2025\/07\/Bilderalbum-Abitur-2025-12-7-1080x810.avif 1080w, https:\/\/www.schlosstorgelow.de\/wp-content\/uploads\/2025\/07\/Bilderalbum-Abitur-2025-12-7-1440x1080.avif 1440w\" sizes=\"(min-width: 768px) 720px, (min-width: 576px) 540px, calc(100vw - 32px)\" type=\"image\/avif\">\n    \n    \n    <img src=\"https:\/\/www.schlosstorgelow.de\/wp-content\/uploads\/2025\/07\/Bilderalbum-Abitur-2025-12-7-720x540.avif\"\n         srcset=\"https:\/\/www.schlosstorgelow.de\/wp-content\/uploads\/2025\/07\/Bilderalbum-Abitur-2025-12-7-320x240.avif 320w, https:\/\/www.schlosstorgelow.de\/wp-content\/uploads\/2025\/07\/Bilderalbum-Abitur-2025-12-7-540x405.avif 540w, https:\/\/www.schlosstorgelow.de\/wp-content\/uploads\/2025\/07\/Bilderalbum-Abitur-2025-12-7-640x480.avif 640w, https:\/\/www.schlosstorgelow.de\/wp-content\/uploads\/2025\/07\/Bilderalbum-Abitur-2025-12-7-720x540.avif 720w, https:\/\/www.schlosstorgelow.de\/wp-content\/uploads\/2025\/07\/Bilderalbum-Abitur-2025-12-7-1080x810.avif 1080w, https:\/\/www.schlosstorgelow.de\/wp-content\/uploads\/2025\/07\/Bilderalbum-Abitur-2025-12-7-1440x1080.avif 1440w\"         sizes=\"auto, (min-width: 768px) 720px, (min-width: 576px) 540px, calc(100vw - 32px)\"         alt=\"\u00c1lbum de fotos del bachillerato 2025\"\n         title=\"\u00c1lbum de fotos del bachillerato 2025\"\n         width=\"720\"\n         height=\"540\"\n          loading=\"lazy\" decoding=\"async\">\n<\/picture>\n                                <\/a>\n                                                                                    <a data-fslightbox href=\"https:\/\/www.schlosstorgelow.de\/wp-content\/uploads\/2025\/07\/Bilderalbum-Abitur-2025-13-7.avif\" aria-label=\"Image gallery\">\n                                    \n<picture>\n            <source media=\"(max-width: 575.98px)\" srcset=\"https:\/\/www.schlosstorgelow.de\/wp-content\/uploads\/2025\/07\/Bilderalbum-Abitur-2025-13-7-320x240.avif 320w, https:\/\/www.schlosstorgelow.de\/wp-content\/uploads\/2025\/07\/Bilderalbum-Abitur-2025-13-7-540x405.avif 540w, https:\/\/www.schlosstorgelow.de\/wp-content\/uploads\/2025\/07\/Bilderalbum-Abitur-2025-13-7-640x480.avif 640w\" sizes=\"calc(100vw - 32px)\" type=\"image\/avif\">\n    \n            <source srcset=\"https:\/\/www.schlosstorgelow.de\/wp-content\/uploads\/2025\/07\/Bilderalbum-Abitur-2025-13-7-320x240.avif 320w, https:\/\/www.schlosstorgelow.de\/wp-content\/uploads\/2025\/07\/Bilderalbum-Abitur-2025-13-7-540x405.avif 540w, https:\/\/www.schlosstorgelow.de\/wp-content\/uploads\/2025\/07\/Bilderalbum-Abitur-2025-13-7-640x480.avif 640w, https:\/\/www.schlosstorgelow.de\/wp-content\/uploads\/2025\/07\/Bilderalbum-Abitur-2025-13-7-720x540.avif 720w, https:\/\/www.schlosstorgelow.de\/wp-content\/uploads\/2025\/07\/Bilderalbum-Abitur-2025-13-7-1080x810.avif 1080w, https:\/\/www.schlosstorgelow.de\/wp-content\/uploads\/2025\/07\/Bilderalbum-Abitur-2025-13-7-1440x1080.avif 1440w\" sizes=\"(min-width: 768px) 720px, (min-width: 576px) 540px, calc(100vw - 32px)\" type=\"image\/avif\">\n    \n    \n    <img src=\"https:\/\/www.schlosstorgelow.de\/wp-content\/uploads\/2025\/07\/Bilderalbum-Abitur-2025-13-7-720x540.avif\"\n         srcset=\"https:\/\/www.schlosstorgelow.de\/wp-content\/uploads\/2025\/07\/Bilderalbum-Abitur-2025-13-7-320x240.avif 320w, https:\/\/www.schlosstorgelow.de\/wp-content\/uploads\/2025\/07\/Bilderalbum-Abitur-2025-13-7-540x405.avif 540w, https:\/\/www.schlosstorgelow.de\/wp-content\/uploads\/2025\/07\/Bilderalbum-Abitur-2025-13-7-640x480.avif 640w, https:\/\/www.schlosstorgelow.de\/wp-content\/uploads\/2025\/07\/Bilderalbum-Abitur-2025-13-7-720x540.avif 720w, https:\/\/www.schlosstorgelow.de\/wp-content\/uploads\/2025\/07\/Bilderalbum-Abitur-2025-13-7-1080x810.avif 1080w, https:\/\/www.schlosstorgelow.de\/wp-content\/uploads\/2025\/07\/Bilderalbum-Abitur-2025-13-7-1440x1080.avif 1440w\"         sizes=\"auto, (min-width: 768px) 720px, (min-width: 576px) 540px, calc(100vw - 32px)\"         alt=\"\u00c1lbum de fotos del bachillerato 2025\"\n         title=\"\u00c1lbum de fotos del bachillerato 2025\"\n         width=\"720\"\n         height=\"540\"\n          loading=\"lazy\" decoding=\"async\">\n<\/picture>\n                                <\/a>\n                                                                                    <a data-fslightbox href=\"https:\/\/www.schlosstorgelow.de\/wp-content\/uploads\/2025\/07\/Bilderalbum-Abitur-2025-14-7.avif\" aria-label=\"Image gallery\">\n                                    \n<picture>\n            <source media=\"(max-width: 575.98px)\" srcset=\"https:\/\/www.schlosstorgelow.de\/wp-content\/uploads\/2025\/07\/Bilderalbum-Abitur-2025-14-7-320x240.avif 320w, https:\/\/www.schlosstorgelow.de\/wp-content\/uploads\/2025\/07\/Bilderalbum-Abitur-2025-14-7-540x405.avif 540w, https:\/\/www.schlosstorgelow.de\/wp-content\/uploads\/2025\/07\/Bilderalbum-Abitur-2025-14-7-640x480.avif 640w\" sizes=\"calc(100vw - 32px)\" type=\"image\/avif\">\n    \n            <source srcset=\"https:\/\/www.schlosstorgelow.de\/wp-content\/uploads\/2025\/07\/Bilderalbum-Abitur-2025-14-7-320x240.avif 320w, https:\/\/www.schlosstorgelow.de\/wp-content\/uploads\/2025\/07\/Bilderalbum-Abitur-2025-14-7-540x405.avif 540w, https:\/\/www.schlosstorgelow.de\/wp-content\/uploads\/2025\/07\/Bilderalbum-Abitur-2025-14-7-640x480.avif 640w, https:\/\/www.schlosstorgelow.de\/wp-content\/uploads\/2025\/07\/Bilderalbum-Abitur-2025-14-7-720x540.avif 720w, https:\/\/www.schlosstorgelow.de\/wp-content\/uploads\/2025\/07\/Bilderalbum-Abitur-2025-14-7-1080x810.avif 1080w, https:\/\/www.schlosstorgelow.de\/wp-content\/uploads\/2025\/07\/Bilderalbum-Abitur-2025-14-7-1440x1080.avif 1440w\" sizes=\"(min-width: 768px) 720px, (min-width: 576px) 540px, calc(100vw - 32px)\" type=\"image\/avif\">\n    \n    \n    <img src=\"https:\/\/www.schlosstorgelow.de\/wp-content\/uploads\/2025\/07\/Bilderalbum-Abitur-2025-14-7-720x540.avif\"\n         srcset=\"https:\/\/www.schlosstorgelow.de\/wp-content\/uploads\/2025\/07\/Bilderalbum-Abitur-2025-14-7-320x240.avif 320w, https:\/\/www.schlosstorgelow.de\/wp-content\/uploads\/2025\/07\/Bilderalbum-Abitur-2025-14-7-540x405.avif 540w, https:\/\/www.schlosstorgelow.de\/wp-content\/uploads\/2025\/07\/Bilderalbum-Abitur-2025-14-7-640x480.avif 640w, https:\/\/www.schlosstorgelow.de\/wp-content\/uploads\/2025\/07\/Bilderalbum-Abitur-2025-14-7-720x540.avif 720w, https:\/\/www.schlosstorgelow.de\/wp-content\/uploads\/2025\/07\/Bilderalbum-Abitur-2025-14-7-1080x810.avif 1080w, https:\/\/www.schlosstorgelow.de\/wp-content\/uploads\/2025\/07\/Bilderalbum-Abitur-2025-14-7-1440x1080.avif 1440w\"         sizes=\"auto, (min-width: 768px) 720px, (min-width: 576px) 540px, calc(100vw - 32px)\"         alt=\"\u00c1lbum de fotos del bachillerato 2025\"\n         title=\"\u00c1lbum de fotos del bachillerato 2025\"\n         width=\"720\"\n         height=\"540\"\n          loading=\"lazy\" decoding=\"async\">\n<\/picture>\n                                <\/a>\n                                                                                    <a data-fslightbox href=\"https:\/\/www.schlosstorgelow.de\/wp-content\/uploads\/2025\/07\/Bilderalbum-Abitur-2025-15-7.avif\" aria-label=\"Image gallery\">\n                                    \n<picture>\n            <source media=\"(max-width: 575.98px)\" srcset=\"https:\/\/www.schlosstorgelow.de\/wp-content\/uploads\/2025\/07\/Bilderalbum-Abitur-2025-15-7-320x240.avif 320w, https:\/\/www.schlosstorgelow.de\/wp-content\/uploads\/2025\/07\/Bilderalbum-Abitur-2025-15-7-540x405.avif 540w, https:\/\/www.schlosstorgelow.de\/wp-content\/uploads\/2025\/07\/Bilderalbum-Abitur-2025-15-7-640x480.avif 640w\" sizes=\"calc(100vw - 32px)\" type=\"image\/avif\">\n    \n            <source srcset=\"https:\/\/www.schlosstorgelow.de\/wp-content\/uploads\/2025\/07\/Bilderalbum-Abitur-2025-15-7-320x240.avif 320w, https:\/\/www.schlosstorgelow.de\/wp-content\/uploads\/2025\/07\/Bilderalbum-Abitur-2025-15-7-540x405.avif 540w, https:\/\/www.schlosstorgelow.de\/wp-content\/uploads\/2025\/07\/Bilderalbum-Abitur-2025-15-7-640x480.avif 640w, https:\/\/www.schlosstorgelow.de\/wp-content\/uploads\/2025\/07\/Bilderalbum-Abitur-2025-15-7-720x540.avif 720w, https:\/\/www.schlosstorgelow.de\/wp-content\/uploads\/2025\/07\/Bilderalbum-Abitur-2025-15-7-1080x810.avif 1080w, https:\/\/www.schlosstorgelow.de\/wp-content\/uploads\/2025\/07\/Bilderalbum-Abitur-2025-15-7-1440x1080.avif 1440w\" sizes=\"(min-width: 768px) 720px, (min-width: 576px) 540px, calc(100vw - 32px)\" type=\"image\/avif\">\n    \n    \n    <img src=\"https:\/\/www.schlosstorgelow.de\/wp-content\/uploads\/2025\/07\/Bilderalbum-Abitur-2025-15-7-720x540.avif\"\n         srcset=\"https:\/\/www.schlosstorgelow.de\/wp-content\/uploads\/2025\/07\/Bilderalbum-Abitur-2025-15-7-320x240.avif 320w, https:\/\/www.schlosstorgelow.de\/wp-content\/uploads\/2025\/07\/Bilderalbum-Abitur-2025-15-7-540x405.avif 540w, https:\/\/www.schlosstorgelow.de\/wp-content\/uploads\/2025\/07\/Bilderalbum-Abitur-2025-15-7-640x480.avif 640w, https:\/\/www.schlosstorgelow.de\/wp-content\/uploads\/2025\/07\/Bilderalbum-Abitur-2025-15-7-720x540.avif 720w, https:\/\/www.schlosstorgelow.de\/wp-content\/uploads\/2025\/07\/Bilderalbum-Abitur-2025-15-7-1080x810.avif 1080w, https:\/\/www.schlosstorgelow.de\/wp-content\/uploads\/2025\/07\/Bilderalbum-Abitur-2025-15-7-1440x1080.avif 1440w\"         sizes=\"auto, (min-width: 768px) 720px, (min-width: 576px) 540px, calc(100vw - 32px)\"         alt=\"\u00c1lbum de fotos del bachillerato 2025\"\n         title=\"\u00c1lbum de fotos del bachillerato 2025\"\n         width=\"720\"\n         height=\"540\"\n          loading=\"lazy\" decoding=\"async\">\n<\/picture>\n                                <\/a>\n                                                                                    <a data-fslightbox href=\"https:\/\/www.schlosstorgelow.de\/wp-content\/uploads\/2025\/07\/Bilderalbum-Abitur-2025-16-7.avif\" aria-label=\"Image gallery\">\n                                    \n<picture>\n            <source media=\"(max-width: 575.98px)\" srcset=\"https:\/\/www.schlosstorgelow.de\/wp-content\/uploads\/2025\/07\/Bilderalbum-Abitur-2025-16-7-320x240.avif 320w, https:\/\/www.schlosstorgelow.de\/wp-content\/uploads\/2025\/07\/Bilderalbum-Abitur-2025-16-7-540x405.avif 540w, https:\/\/www.schlosstorgelow.de\/wp-content\/uploads\/2025\/07\/Bilderalbum-Abitur-2025-16-7-640x480.avif 640w\" sizes=\"calc(100vw - 32px)\" type=\"image\/avif\">\n    \n            <source srcset=\"https:\/\/www.schlosstorgelow.de\/wp-content\/uploads\/2025\/07\/Bilderalbum-Abitur-2025-16-7-320x240.avif 320w, https:\/\/www.schlosstorgelow.de\/wp-content\/uploads\/2025\/07\/Bilderalbum-Abitur-2025-16-7-540x405.avif 540w, https:\/\/www.schlosstorgelow.de\/wp-content\/uploads\/2025\/07\/Bilderalbum-Abitur-2025-16-7-640x480.avif 640w, https:\/\/www.schlosstorgelow.de\/wp-content\/uploads\/2025\/07\/Bilderalbum-Abitur-2025-16-7-720x540.avif 720w, https:\/\/www.schlosstorgelow.de\/wp-content\/uploads\/2025\/07\/Bilderalbum-Abitur-2025-16-7-1080x810.avif 1080w, https:\/\/www.schlosstorgelow.de\/wp-content\/uploads\/2025\/07\/Bilderalbum-Abitur-2025-16-7-1440x1080.avif 1440w\" sizes=\"(min-width: 768px) 720px, (min-width: 576px) 540px, calc(100vw - 32px)\" type=\"image\/avif\">\n    \n    \n    <img src=\"https:\/\/www.schlosstorgelow.de\/wp-content\/uploads\/2025\/07\/Bilderalbum-Abitur-2025-16-7-720x540.avif\"\n         srcset=\"https:\/\/www.schlosstorgelow.de\/wp-content\/uploads\/2025\/07\/Bilderalbum-Abitur-2025-16-7-320x240.avif 320w, https:\/\/www.schlosstorgelow.de\/wp-content\/uploads\/2025\/07\/Bilderalbum-Abitur-2025-16-7-540x405.avif 540w, https:\/\/www.schlosstorgelow.de\/wp-content\/uploads\/2025\/07\/Bilderalbum-Abitur-2025-16-7-640x480.avif 640w, https:\/\/www.schlosstorgelow.de\/wp-content\/uploads\/2025\/07\/Bilderalbum-Abitur-2025-16-7-720x540.avif 720w, https:\/\/www.schlosstorgelow.de\/wp-content\/uploads\/2025\/07\/Bilderalbum-Abitur-2025-16-7-1080x810.avif 1080w, https:\/\/www.schlosstorgelow.de\/wp-content\/uploads\/2025\/07\/Bilderalbum-Abitur-2025-16-7-1440x1080.avif 1440w\"         sizes=\"auto, (min-width: 768px) 720px, (min-width: 576px) 540px, calc(100vw - 32px)\"         alt=\"\u00c1lbum de fotos del bachillerato 2025\"\n         title=\"\u00c1lbum de fotos del bachillerato 2025\"\n         width=\"720\"\n         height=\"540\"\n          loading=\"lazy\" decoding=\"async\">\n<\/picture>\n                                <\/a>\n                                                                                    <a data-fslightbox href=\"https:\/\/www.schlosstorgelow.de\/wp-content\/uploads\/2025\/07\/Bilderalbum-Abitur-2025-17-7.avif\" aria-label=\"Image gallery\">\n                                    \n<picture>\n            <source media=\"(max-width: 575.98px)\" srcset=\"https:\/\/www.schlosstorgelow.de\/wp-content\/uploads\/2025\/07\/Bilderalbum-Abitur-2025-17-7-320x240.avif 320w, https:\/\/www.schlosstorgelow.de\/wp-content\/uploads\/2025\/07\/Bilderalbum-Abitur-2025-17-7-540x405.avif 540w, https:\/\/www.schlosstorgelow.de\/wp-content\/uploads\/2025\/07\/Bilderalbum-Abitur-2025-17-7-640x480.avif 640w\" sizes=\"calc(100vw - 32px)\" type=\"image\/avif\">\n    \n            <source srcset=\"https:\/\/www.schlosstorgelow.de\/wp-content\/uploads\/2025\/07\/Bilderalbum-Abitur-2025-17-7-320x240.avif 320w, https:\/\/www.schlosstorgelow.de\/wp-content\/uploads\/2025\/07\/Bilderalbum-Abitur-2025-17-7-540x405.avif 540w, https:\/\/www.schlosstorgelow.de\/wp-content\/uploads\/2025\/07\/Bilderalbum-Abitur-2025-17-7-640x480.avif 640w, https:\/\/www.schlosstorgelow.de\/wp-content\/uploads\/2025\/07\/Bilderalbum-Abitur-2025-17-7-720x540.avif 720w, https:\/\/www.schlosstorgelow.de\/wp-content\/uploads\/2025\/07\/Bilderalbum-Abitur-2025-17-7-1080x810.avif 1080w, https:\/\/www.schlosstorgelow.de\/wp-content\/uploads\/2025\/07\/Bilderalbum-Abitur-2025-17-7-1440x1080.avif 1440w\" sizes=\"(min-width: 768px) 720px, (min-width: 576px) 540px, calc(100vw - 32px)\" type=\"image\/avif\">\n    \n    \n    <img src=\"https:\/\/www.schlosstorgelow.de\/wp-content\/uploads\/2025\/07\/Bilderalbum-Abitur-2025-17-7-720x540.avif\"\n         srcset=\"https:\/\/www.schlosstorgelow.de\/wp-content\/uploads\/2025\/07\/Bilderalbum-Abitur-2025-17-7-320x240.avif 320w, https:\/\/www.schlosstorgelow.de\/wp-content\/uploads\/2025\/07\/Bilderalbum-Abitur-2025-17-7-540x405.avif 540w, https:\/\/www.schlosstorgelow.de\/wp-content\/uploads\/2025\/07\/Bilderalbum-Abitur-2025-17-7-640x480.avif 640w, https:\/\/www.schlosstorgelow.de\/wp-content\/uploads\/2025\/07\/Bilderalbum-Abitur-2025-17-7-720x540.avif 720w, https:\/\/www.schlosstorgelow.de\/wp-content\/uploads\/2025\/07\/Bilderalbum-Abitur-2025-17-7-1080x810.avif 1080w, https:\/\/www.schlosstorgelow.de\/wp-content\/uploads\/2025\/07\/Bilderalbum-Abitur-2025-17-7-1440x1080.avif 1440w\"         sizes=\"auto, (min-width: 768px) 720px, (min-width: 576px) 540px, calc(100vw - 32px)\"         alt=\"\u00c1lbum de fotos del bachillerato 2025\"\n         title=\"\u00c1lbum de fotos del bachillerato 2025\"\n         width=\"720\"\n         height=\"540\"\n          loading=\"lazy\" decoding=\"async\">\n<\/picture>\n                                <\/a>\n                                                                                    <a data-fslightbox href=\"https:\/\/www.schlosstorgelow.de\/wp-content\/uploads\/2025\/07\/Bilderalbum-Abitur-2025-18-7.avif\" aria-label=\"Image gallery\">\n                                    \n<picture>\n            <source media=\"(max-width: 575.98px)\" srcset=\"https:\/\/www.schlosstorgelow.de\/wp-content\/uploads\/2025\/07\/Bilderalbum-Abitur-2025-18-7-320x240.avif 320w, https:\/\/www.schlosstorgelow.de\/wp-content\/uploads\/2025\/07\/Bilderalbum-Abitur-2025-18-7-540x405.avif 540w, https:\/\/www.schlosstorgelow.de\/wp-content\/uploads\/2025\/07\/Bilderalbum-Abitur-2025-18-7-640x480.avif 640w\" sizes=\"calc(100vw - 32px)\" type=\"image\/avif\">\n    \n            <source srcset=\"https:\/\/www.schlosstorgelow.de\/wp-content\/uploads\/2025\/07\/Bilderalbum-Abitur-2025-18-7-320x240.avif 320w, https:\/\/www.schlosstorgelow.de\/wp-content\/uploads\/2025\/07\/Bilderalbum-Abitur-2025-18-7-540x405.avif 540w, https:\/\/www.schlosstorgelow.de\/wp-content\/uploads\/2025\/07\/Bilderalbum-Abitur-2025-18-7-640x480.avif 640w, https:\/\/www.schlosstorgelow.de\/wp-content\/uploads\/2025\/07\/Bilderalbum-Abitur-2025-18-7-720x540.avif 720w, https:\/\/www.schlosstorgelow.de\/wp-content\/uploads\/2025\/07\/Bilderalbum-Abitur-2025-18-7-1080x810.avif 1080w, https:\/\/www.schlosstorgelow.de\/wp-content\/uploads\/2025\/07\/Bilderalbum-Abitur-2025-18-7-1440x1080.avif 1440w\" sizes=\"(min-width: 768px) 720px, (min-width: 576px) 540px, calc(100vw - 32px)\" type=\"image\/avif\">\n    \n    \n    <img src=\"https:\/\/www.schlosstorgelow.de\/wp-content\/uploads\/2025\/07\/Bilderalbum-Abitur-2025-18-7-720x540.avif\"\n         srcset=\"https:\/\/www.schlosstorgelow.de\/wp-content\/uploads\/2025\/07\/Bilderalbum-Abitur-2025-18-7-320x240.avif 320w, https:\/\/www.schlosstorgelow.de\/wp-content\/uploads\/2025\/07\/Bilderalbum-Abitur-2025-18-7-540x405.avif 540w, https:\/\/www.schlosstorgelow.de\/wp-content\/uploads\/2025\/07\/Bilderalbum-Abitur-2025-18-7-640x480.avif 640w, https:\/\/www.schlosstorgelow.de\/wp-content\/uploads\/2025\/07\/Bilderalbum-Abitur-2025-18-7-720x540.avif 720w, https:\/\/www.schlosstorgelow.de\/wp-content\/uploads\/2025\/07\/Bilderalbum-Abitur-2025-18-7-1080x810.avif 1080w, https:\/\/www.schlosstorgelow.de\/wp-content\/uploads\/2025\/07\/Bilderalbum-Abitur-2025-18-7-1440x1080.avif 1440w\"         sizes=\"auto, (min-width: 768px) 720px, (min-width: 576px) 540px, calc(100vw - 32px)\"         alt=\"\u00c1lbum de fotos del bachillerato 2025\"\n         title=\"\u00c1lbum de fotos del bachillerato 2025\"\n         width=\"720\"\n         height=\"540\"\n          loading=\"lazy\" decoding=\"async\">\n<\/picture>\n                                <\/a>\n                                                                                    <a data-fslightbox href=\"https:\/\/www.schlosstorgelow.de\/wp-content\/uploads\/2025\/07\/Bilderalbum-Abitur-2025-19-7.avif\" aria-label=\"Image gallery\">\n                                    \n<picture>\n            <source media=\"(max-width: 575.98px)\" srcset=\"https:\/\/www.schlosstorgelow.de\/wp-content\/uploads\/2025\/07\/Bilderalbum-Abitur-2025-19-7-320x240.avif 320w, https:\/\/www.schlosstorgelow.de\/wp-content\/uploads\/2025\/07\/Bilderalbum-Abitur-2025-19-7-540x405.avif 540w, https:\/\/www.schlosstorgelow.de\/wp-content\/uploads\/2025\/07\/Bilderalbum-Abitur-2025-19-7-640x480.avif 640w\" sizes=\"calc(100vw - 32px)\" type=\"image\/avif\">\n    \n            <source srcset=\"https:\/\/www.schlosstorgelow.de\/wp-content\/uploads\/2025\/07\/Bilderalbum-Abitur-2025-19-7-320x240.avif 320w, https:\/\/www.schlosstorgelow.de\/wp-content\/uploads\/2025\/07\/Bilderalbum-Abitur-2025-19-7-540x405.avif 540w, https:\/\/www.schlosstorgelow.de\/wp-content\/uploads\/2025\/07\/Bilderalbum-Abitur-2025-19-7-640x480.avif 640w, https:\/\/www.schlosstorgelow.de\/wp-content\/uploads\/2025\/07\/Bilderalbum-Abitur-2025-19-7-720x540.avif 720w, https:\/\/www.schlosstorgelow.de\/wp-content\/uploads\/2025\/07\/Bilderalbum-Abitur-2025-19-7-1080x810.avif 1080w, https:\/\/www.schlosstorgelow.de\/wp-content\/uploads\/2025\/07\/Bilderalbum-Abitur-2025-19-7-1440x1080.avif 1440w\" sizes=\"(min-width: 768px) 720px, (min-width: 576px) 540px, calc(100vw - 32px)\" type=\"image\/avif\">\n    \n    \n    <img src=\"https:\/\/www.schlosstorgelow.de\/wp-content\/uploads\/2025\/07\/Bilderalbum-Abitur-2025-19-7-720x540.avif\"\n         srcset=\"https:\/\/www.schlosstorgelow.de\/wp-content\/uploads\/2025\/07\/Bilderalbum-Abitur-2025-19-7-320x240.avif 320w, https:\/\/www.schlosstorgelow.de\/wp-content\/uploads\/2025\/07\/Bilderalbum-Abitur-2025-19-7-540x405.avif 540w, https:\/\/www.schlosstorgelow.de\/wp-content\/uploads\/2025\/07\/Bilderalbum-Abitur-2025-19-7-640x480.avif 640w, https:\/\/www.schlosstorgelow.de\/wp-content\/uploads\/2025\/07\/Bilderalbum-Abitur-2025-19-7-720x540.avif 720w, https:\/\/www.schlosstorgelow.de\/wp-content\/uploads\/2025\/07\/Bilderalbum-Abitur-2025-19-7-1080x810.avif 1080w, https:\/\/www.schlosstorgelow.de\/wp-content\/uploads\/2025\/07\/Bilderalbum-Abitur-2025-19-7-1440x1080.avif 1440w\"         sizes=\"auto, (min-width: 768px) 720px, (min-width: 576px) 540px, calc(100vw - 32px)\"         alt=\"\u00c1lbum de fotos del bachillerato 2025\"\n         title=\"\u00c1lbum de fotos del bachillerato 2025\"\n         width=\"720\"\n         height=\"540\"\n          loading=\"lazy\" decoding=\"async\">\n<\/picture>\n                                <\/a>\n                                                                                    <a data-fslightbox href=\"https:\/\/www.schlosstorgelow.de\/wp-content\/uploads\/2025\/07\/Bilderalbum-Abitur-2025-20-7.avif\" aria-label=\"Image gallery\">\n                                    \n<picture>\n            <source media=\"(max-width: 575.98px)\" srcset=\"https:\/\/www.schlosstorgelow.de\/wp-content\/uploads\/2025\/07\/Bilderalbum-Abitur-2025-20-7-320x240.avif 320w, https:\/\/www.schlosstorgelow.de\/wp-content\/uploads\/2025\/07\/Bilderalbum-Abitur-2025-20-7-540x405.avif 540w, https:\/\/www.schlosstorgelow.de\/wp-content\/uploads\/2025\/07\/Bilderalbum-Abitur-2025-20-7-640x480.avif 640w\" sizes=\"calc(100vw - 32px)\" type=\"image\/avif\">\n    \n            <source srcset=\"https:\/\/www.schlosstorgelow.de\/wp-content\/uploads\/2025\/07\/Bilderalbum-Abitur-2025-20-7-320x240.avif 320w, https:\/\/www.schlosstorgelow.de\/wp-content\/uploads\/2025\/07\/Bilderalbum-Abitur-2025-20-7-540x405.avif 540w, https:\/\/www.schlosstorgelow.de\/wp-content\/uploads\/2025\/07\/Bilderalbum-Abitur-2025-20-7-640x480.avif 640w, https:\/\/www.schlosstorgelow.de\/wp-content\/uploads\/2025\/07\/Bilderalbum-Abitur-2025-20-7-720x540.avif 720w, https:\/\/www.schlosstorgelow.de\/wp-content\/uploads\/2025\/07\/Bilderalbum-Abitur-2025-20-7-1080x810.avif 1080w, https:\/\/www.schlosstorgelow.de\/wp-content\/uploads\/2025\/07\/Bilderalbum-Abitur-2025-20-7-1440x1080.avif 1440w\" sizes=\"(min-width: 768px) 720px, (min-width: 576px) 540px, calc(100vw - 32px)\" type=\"image\/avif\">\n    \n    \n    <img src=\"https:\/\/www.schlosstorgelow.de\/wp-content\/uploads\/2025\/07\/Bilderalbum-Abitur-2025-20-7-720x540.avif\"\n         srcset=\"https:\/\/www.schlosstorgelow.de\/wp-content\/uploads\/2025\/07\/Bilderalbum-Abitur-2025-20-7-320x240.avif 320w, https:\/\/www.schlosstorgelow.de\/wp-content\/uploads\/2025\/07\/Bilderalbum-Abitur-2025-20-7-540x405.avif 540w, https:\/\/www.schlosstorgelow.de\/wp-content\/uploads\/2025\/07\/Bilderalbum-Abitur-2025-20-7-640x480.avif 640w, https:\/\/www.schlosstorgelow.de\/wp-content\/uploads\/2025\/07\/Bilderalbum-Abitur-2025-20-7-720x540.avif 720w, https:\/\/www.schlosstorgelow.de\/wp-content\/uploads\/2025\/07\/Bilderalbum-Abitur-2025-20-7-1080x810.avif 1080w, https:\/\/www.schlosstorgelow.de\/wp-content\/uploads\/2025\/07\/Bilderalbum-Abitur-2025-20-7-1440x1080.avif 1440w\"         sizes=\"auto, (min-width: 768px) 720px, (min-width: 576px) 540px, calc(100vw - 32px)\"         alt=\"\u00c1lbum de fotos del bachillerato 2025\"\n         title=\"\u00c1lbum de fotos del bachillerato 2025\"\n         width=\"720\"\n         height=\"540\"\n          loading=\"lazy\" decoding=\"async\">\n<\/picture>\n                                <\/a>\n                                                                                    <a data-fslightbox href=\"https:\/\/www.schlosstorgelow.de\/wp-content\/uploads\/2025\/07\/Bilderalbum-Abitur-2025-21-7.avif\" aria-label=\"Image gallery\">\n                                    \n<picture>\n            <source media=\"(max-width: 575.98px)\" srcset=\"https:\/\/www.schlosstorgelow.de\/wp-content\/uploads\/2025\/07\/Bilderalbum-Abitur-2025-21-7-320x240.avif 320w, https:\/\/www.schlosstorgelow.de\/wp-content\/uploads\/2025\/07\/Bilderalbum-Abitur-2025-21-7-540x405.avif 540w, https:\/\/www.schlosstorgelow.de\/wp-content\/uploads\/2025\/07\/Bilderalbum-Abitur-2025-21-7-640x480.avif 640w\" sizes=\"calc(100vw - 32px)\" type=\"image\/avif\">\n    \n            <source srcset=\"https:\/\/www.schlosstorgelow.de\/wp-content\/uploads\/2025\/07\/Bilderalbum-Abitur-2025-21-7-320x240.avif 320w, https:\/\/www.schlosstorgelow.de\/wp-content\/uploads\/2025\/07\/Bilderalbum-Abitur-2025-21-7-540x405.avif 540w, https:\/\/www.schlosstorgelow.de\/wp-content\/uploads\/2025\/07\/Bilderalbum-Abitur-2025-21-7-640x480.avif 640w, https:\/\/www.schlosstorgelow.de\/wp-content\/uploads\/2025\/07\/Bilderalbum-Abitur-2025-21-7-720x540.avif 720w, https:\/\/www.schlosstorgelow.de\/wp-content\/uploads\/2025\/07\/Bilderalbum-Abitur-2025-21-7-1080x810.avif 1080w, https:\/\/www.schlosstorgelow.de\/wp-content\/uploads\/2025\/07\/Bilderalbum-Abitur-2025-21-7-1440x1080.avif 1440w\" sizes=\"(min-width: 768px) 720px, (min-width: 576px) 540px, calc(100vw - 32px)\" type=\"image\/avif\">\n    \n    \n    <img src=\"https:\/\/www.schlosstorgelow.de\/wp-content\/uploads\/2025\/07\/Bilderalbum-Abitur-2025-21-7-720x540.avif\"\n         srcset=\"https:\/\/www.schlosstorgelow.de\/wp-content\/uploads\/2025\/07\/Bilderalbum-Abitur-2025-21-7-320x240.avif 320w, https:\/\/www.schlosstorgelow.de\/wp-content\/uploads\/2025\/07\/Bilderalbum-Abitur-2025-21-7-540x405.avif 540w, https:\/\/www.schlosstorgelow.de\/wp-content\/uploads\/2025\/07\/Bilderalbum-Abitur-2025-21-7-640x480.avif 640w, https:\/\/www.schlosstorgelow.de\/wp-content\/uploads\/2025\/07\/Bilderalbum-Abitur-2025-21-7-720x540.avif 720w, https:\/\/www.schlosstorgelow.de\/wp-content\/uploads\/2025\/07\/Bilderalbum-Abitur-2025-21-7-1080x810.avif 1080w, https:\/\/www.schlosstorgelow.de\/wp-content\/uploads\/2025\/07\/Bilderalbum-Abitur-2025-21-7-1440x1080.avif 1440w\"         sizes=\"auto, (min-width: 768px) 720px, (min-width: 576px) 540px, calc(100vw - 32px)\"         alt=\"\u00c1lbum de fotos del bachillerato 2025\"\n         title=\"\u00c1lbum de fotos del bachillerato 2025\"\n         width=\"720\"\n         height=\"540\"\n          loading=\"lazy\" decoding=\"async\">\n<\/picture>\n                                <\/a>\n                                                                                    <a data-fslightbox href=\"https:\/\/www.schlosstorgelow.de\/wp-content\/uploads\/2025\/07\/Bilderalbum-Abitur-2025-22-7.avif\" aria-label=\"Image gallery\">\n                                    \n<picture>\n            <source media=\"(max-width: 575.98px)\" srcset=\"https:\/\/www.schlosstorgelow.de\/wp-content\/uploads\/2025\/07\/Bilderalbum-Abitur-2025-22-7-320x240.avif 320w, https:\/\/www.schlosstorgelow.de\/wp-content\/uploads\/2025\/07\/Bilderalbum-Abitur-2025-22-7-540x405.avif 540w, https:\/\/www.schlosstorgelow.de\/wp-content\/uploads\/2025\/07\/Bilderalbum-Abitur-2025-22-7-640x480.avif 640w\" sizes=\"calc(100vw - 32px)\" type=\"image\/avif\">\n    \n            <source srcset=\"https:\/\/www.schlosstorgelow.de\/wp-content\/uploads\/2025\/07\/Bilderalbum-Abitur-2025-22-7-320x240.avif 320w, https:\/\/www.schlosstorgelow.de\/wp-content\/uploads\/2025\/07\/Bilderalbum-Abitur-2025-22-7-540x405.avif 540w, https:\/\/www.schlosstorgelow.de\/wp-content\/uploads\/2025\/07\/Bilderalbum-Abitur-2025-22-7-640x480.avif 640w, https:\/\/www.schlosstorgelow.de\/wp-content\/uploads\/2025\/07\/Bilderalbum-Abitur-2025-22-7-720x540.avif 720w, https:\/\/www.schlosstorgelow.de\/wp-content\/uploads\/2025\/07\/Bilderalbum-Abitur-2025-22-7-1080x810.avif 1080w, https:\/\/www.schlosstorgelow.de\/wp-content\/uploads\/2025\/07\/Bilderalbum-Abitur-2025-22-7-1440x1080.avif 1440w\" sizes=\"(min-width: 768px) 720px, (min-width: 576px) 540px, calc(100vw - 32px)\" type=\"image\/avif\">\n    \n    \n    <img src=\"https:\/\/www.schlosstorgelow.de\/wp-content\/uploads\/2025\/07\/Bilderalbum-Abitur-2025-22-7-720x540.avif\"\n         srcset=\"https:\/\/www.schlosstorgelow.de\/wp-content\/uploads\/2025\/07\/Bilderalbum-Abitur-2025-22-7-320x240.avif 320w, https:\/\/www.schlosstorgelow.de\/wp-content\/uploads\/2025\/07\/Bilderalbum-Abitur-2025-22-7-540x405.avif 540w, https:\/\/www.schlosstorgelow.de\/wp-content\/uploads\/2025\/07\/Bilderalbum-Abitur-2025-22-7-640x480.avif 640w, https:\/\/www.schlosstorgelow.de\/wp-content\/uploads\/2025\/07\/Bilderalbum-Abitur-2025-22-7-720x540.avif 720w, https:\/\/www.schlosstorgelow.de\/wp-content\/uploads\/2025\/07\/Bilderalbum-Abitur-2025-22-7-1080x810.avif 1080w, https:\/\/www.schlosstorgelow.de\/wp-content\/uploads\/2025\/07\/Bilderalbum-Abitur-2025-22-7-1440x1080.avif 1440w\"         sizes=\"auto, (min-width: 768px) 720px, (min-width: 576px) 540px, calc(100vw - 32px)\"         alt=\"\u00c1lbum de fotos del bachillerato 2025\"\n         title=\"\u00c1lbum de fotos del bachillerato 2025\"\n         width=\"720\"\n         height=\"540\"\n          loading=\"lazy\" decoding=\"async\">\n<\/picture>\n                                <\/a>\n                                                                                    <a data-fslightbox href=\"https:\/\/www.schlosstorgelow.de\/wp-content\/uploads\/2025\/07\/Bilderalbum-Abitur-2025-23-7.avif\" aria-label=\"Image gallery\">\n                                    \n<picture>\n            <source media=\"(max-width: 575.98px)\" srcset=\"https:\/\/www.schlosstorgelow.de\/wp-content\/uploads\/2025\/07\/Bilderalbum-Abitur-2025-23-7-320x240.avif 320w, https:\/\/www.schlosstorgelow.de\/wp-content\/uploads\/2025\/07\/Bilderalbum-Abitur-2025-23-7-540x405.avif 540w, https:\/\/www.schlosstorgelow.de\/wp-content\/uploads\/2025\/07\/Bilderalbum-Abitur-2025-23-7-640x480.avif 640w\" sizes=\"calc(100vw - 32px)\" type=\"image\/avif\">\n    \n            <source srcset=\"https:\/\/www.schlosstorgelow.de\/wp-content\/uploads\/2025\/07\/Bilderalbum-Abitur-2025-23-7-320x240.avif 320w, https:\/\/www.schlosstorgelow.de\/wp-content\/uploads\/2025\/07\/Bilderalbum-Abitur-2025-23-7-540x405.avif 540w, https:\/\/www.schlosstorgelow.de\/wp-content\/uploads\/2025\/07\/Bilderalbum-Abitur-2025-23-7-640x480.avif 640w, https:\/\/www.schlosstorgelow.de\/wp-content\/uploads\/2025\/07\/Bilderalbum-Abitur-2025-23-7-720x540.avif 720w, https:\/\/www.schlosstorgelow.de\/wp-content\/uploads\/2025\/07\/Bilderalbum-Abitur-2025-23-7-1080x810.avif 1080w, https:\/\/www.schlosstorgelow.de\/wp-content\/uploads\/2025\/07\/Bilderalbum-Abitur-2025-23-7-1440x1080.avif 1440w\" sizes=\"(min-width: 768px) 720px, (min-width: 576px) 540px, calc(100vw - 32px)\" type=\"image\/avif\">\n    \n    \n    <img src=\"https:\/\/www.schlosstorgelow.de\/wp-content\/uploads\/2025\/07\/Bilderalbum-Abitur-2025-23-7-720x540.avif\"\n         srcset=\"https:\/\/www.schlosstorgelow.de\/wp-content\/uploads\/2025\/07\/Bilderalbum-Abitur-2025-23-7-320x240.avif 320w, https:\/\/www.schlosstorgelow.de\/wp-content\/uploads\/2025\/07\/Bilderalbum-Abitur-2025-23-7-540x405.avif 540w, https:\/\/www.schlosstorgelow.de\/wp-content\/uploads\/2025\/07\/Bilderalbum-Abitur-2025-23-7-640x480.avif 640w, https:\/\/www.schlosstorgelow.de\/wp-content\/uploads\/2025\/07\/Bilderalbum-Abitur-2025-23-7-720x540.avif 720w, https:\/\/www.schlosstorgelow.de\/wp-content\/uploads\/2025\/07\/Bilderalbum-Abitur-2025-23-7-1080x810.avif 1080w, https:\/\/www.schlosstorgelow.de\/wp-content\/uploads\/2025\/07\/Bilderalbum-Abitur-2025-23-7-1440x1080.avif 1440w\"         sizes=\"auto, (min-width: 768px) 720px, (min-width: 576px) 540px, calc(100vw - 32px)\"         alt=\"\u00c1lbum de fotos del bachillerato 2025\"\n         title=\"\u00c1lbum de fotos del bachillerato 2025\"\n         width=\"720\"\n         height=\"540\"\n          loading=\"lazy\" decoding=\"async\">\n<\/picture>\n                                <\/a>\n                                                                                    <a data-fslightbox href=\"https:\/\/www.schlosstorgelow.de\/wp-content\/uploads\/2025\/07\/Bilderalbum-Abitur-2025-24-7.avif\" aria-label=\"Image gallery\">\n                                    \n<picture>\n            <source media=\"(max-width: 575.98px)\" srcset=\"https:\/\/www.schlosstorgelow.de\/wp-content\/uploads\/2025\/07\/Bilderalbum-Abitur-2025-24-7-320x240.avif 320w, https:\/\/www.schlosstorgelow.de\/wp-content\/uploads\/2025\/07\/Bilderalbum-Abitur-2025-24-7-540x405.avif 540w, https:\/\/www.schlosstorgelow.de\/wp-content\/uploads\/2025\/07\/Bilderalbum-Abitur-2025-24-7-640x480.avif 640w\" sizes=\"calc(100vw - 32px)\" type=\"image\/avif\">\n    \n            <source srcset=\"https:\/\/www.schlosstorgelow.de\/wp-content\/uploads\/2025\/07\/Bilderalbum-Abitur-2025-24-7-320x240.avif 320w, https:\/\/www.schlosstorgelow.de\/wp-content\/uploads\/2025\/07\/Bilderalbum-Abitur-2025-24-7-540x405.avif 540w, https:\/\/www.schlosstorgelow.de\/wp-content\/uploads\/2025\/07\/Bilderalbum-Abitur-2025-24-7-640x480.avif 640w, https:\/\/www.schlosstorgelow.de\/wp-content\/uploads\/2025\/07\/Bilderalbum-Abitur-2025-24-7-720x540.avif 720w, https:\/\/www.schlosstorgelow.de\/wp-content\/uploads\/2025\/07\/Bilderalbum-Abitur-2025-24-7-1080x810.avif 1080w, https:\/\/www.schlosstorgelow.de\/wp-content\/uploads\/2025\/07\/Bilderalbum-Abitur-2025-24-7-1440x1080.avif 1440w\" sizes=\"(min-width: 768px) 720px, (min-width: 576px) 540px, calc(100vw - 32px)\" type=\"image\/avif\">\n    \n    \n    <img src=\"https:\/\/www.schlosstorgelow.de\/wp-content\/uploads\/2025\/07\/Bilderalbum-Abitur-2025-24-7-720x540.avif\"\n         srcset=\"https:\/\/www.schlosstorgelow.de\/wp-content\/uploads\/2025\/07\/Bilderalbum-Abitur-2025-24-7-320x240.avif 320w, https:\/\/www.schlosstorgelow.de\/wp-content\/uploads\/2025\/07\/Bilderalbum-Abitur-2025-24-7-540x405.avif 540w, https:\/\/www.schlosstorgelow.de\/wp-content\/uploads\/2025\/07\/Bilderalbum-Abitur-2025-24-7-640x480.avif 640w, https:\/\/www.schlosstorgelow.de\/wp-content\/uploads\/2025\/07\/Bilderalbum-Abitur-2025-24-7-720x540.avif 720w, https:\/\/www.schlosstorgelow.de\/wp-content\/uploads\/2025\/07\/Bilderalbum-Abitur-2025-24-7-1080x810.avif 1080w, https:\/\/www.schlosstorgelow.de\/wp-content\/uploads\/2025\/07\/Bilderalbum-Abitur-2025-24-7-1440x1080.avif 1440w\"         sizes=\"auto, (min-width: 768px) 720px, (min-width: 576px) 540px, calc(100vw - 32px)\"         alt=\"\u00c1lbum de fotos del bachillerato 2025\"\n         title=\"\u00c1lbum de fotos del bachillerato 2025\"\n         width=\"720\"\n         height=\"540\"\n          loading=\"lazy\" decoding=\"async\">\n<\/picture>\n                                <\/a>\n                                                                        <\/div>\n                            <\/div>\n        <\/div>\n    <\/div>\n<\/section>","protected":false},"excerpt":{"rendered":"<p>Las fotos oficiales de graduaci\u00f3n, por supuesto, existen &#8211; son parte de ello. Pero a veces son los peque\u00f1os, silenciosos momentos en los m\u00e1rgenes los que permanecen especialmente en el coraz\u00f3n. <\/p>\n","protected":false},"author":1,"featured_media":66078,"comment_status":"closed","ping_status":"closed","sticky":false,"template":"","format":"standard","meta":{"_acf_changed":false,"_yoast_wpseo_title":"Mis momentos personales del Abitur 2025","_yoast_wpseo_metadesc":"Las fotos oficiales de graduaci\u00f3n, por supuesto, est\u00e1n all\u00ed; son parte de ello. Pero a veces son los peque\u00f1os momentos silenciosos al margen.","excerpt":"Las fotos oficiales de graduaci\u00f3n, por supuesto, existen - son parte de ello. Pero a veces son los peque\u00f1os, silenciosos momentos en los m\u00e1rgenes los que permanecen especialmente en el coraz\u00f3n. ","footnotes":""},"categories":[32],"tags":[],"class_list":{"0":"post-82526","1":"post","2":"type-post","3":"status-publish","4":"format-standard","5":"has-post-thumbnail","7":"category-noticias-de-torgelow"},"acf":[],"yoast_head":"<!-- This site is optimized with the Yoast SEO plugin v26.9 - https:\/\/yoast.com\/product\/yoast-seo-wordpress\/ -->\n<title>Mis momentos personales del Abitur 2025<\/title>\n<meta name=\"description\" content=\"Las fotos oficiales de graduaci\u00f3n, por supuesto, est\u00e1n all\u00ed; son parte de ello. Pero a veces son los peque\u00f1os momentos silenciosos al margen.\" \/>\n<meta name=\"robots\" content=\"index, follow, max-snippet:-1, max-image-preview:large, max-video-preview:-1\" \/>\n<link rel=\"canonical\" href=\"https:\/\/www.schlosstorgelow.de\/es\/mis-momentos-personales-del-abitur-2025\" \/>\n<meta property=\"og:locale\" content=\"es_ES\" \/>\n<meta property=\"og:type\" content=\"article\" \/>\n<meta property=\"og:title\" content=\"Mis momentos personales del Abitur 2025\" \/>\n<meta property=\"og:description\" content=\"Las fotos oficiales de graduaci\u00f3n, por supuesto, est\u00e1n all\u00ed; son parte de ello. Pero a veces son los peque\u00f1os momentos silenciosos al margen.\" \/>\n<meta property=\"og:url\" content=\"https:\/\/www.schlosstorgelow.de\/es\/mis-momentos-personales-del-abitur-2025\" \/>\n<meta property=\"og:site_name\" content=\"Schloss Torgelow\" \/>\n<meta property=\"article:published_time\" content=\"2025-07-16T12:37:30+00:00\" \/>\n<meta property=\"article:modified_time\" content=\"2026-01-12T07:58:51+00:00\" \/>\n<meta name=\"author\" content=\"Schloss Torgelow\" \/>\n<meta name=\"twitter:card\" content=\"summary_large_image\" \/>\n<meta name=\"twitter:label1\" content=\"Escrito por\" \/>\n\t<meta name=\"twitter:data1\" content=\"Schloss Torgelow\" \/>\n<script type=\"application\/ld+json\" class=\"yoast-schema-graph\">{\"@context\":\"https:\/\/schema.org\",\"@graph\":[{\"@type\":\"Article\",\"@id\":\"https:\/\/www.schlosstorgelow.de\/es\/mis-momentos-personales-del-abitur-2025#article\",\"isPartOf\":{\"@id\":\"https:\/\/www.schlosstorgelow.de\/es\/mis-momentos-personales-del-abitur-2025\"},\"author\":{\"name\":\"Schloss Torgelow\",\"@id\":\"https:\/\/www.schlosstorgelow.de\/es#\/schema\/person\/b76bbb367f3a20c7ced1339e4875691e\"},\"headline\":\"Mis momentos personales del Abitur 2025\",\"datePublished\":\"2025-07-16T12:37:30+00:00\",\"dateModified\":\"2026-01-12T07:58:51+00:00\",\"mainEntityOfPage\":{\"@id\":\"https:\/\/www.schlosstorgelow.de\/es\/mis-momentos-personales-del-abitur-2025\"},\"wordCount\":77,\"image\":{\"@id\":\"https:\/\/www.schlosstorgelow.de\/es\/mis-momentos-personales-del-abitur-2025#primaryimage\"},\"thumbnailUrl\":\"https:\/\/www.schlosstorgelow.de\/wp-content\/uploads\/2025\/08\/fotogalerie-abi-2025_header_st.avif\",\"articleSection\":[\"Noticias de Torgelow\"],\"inLanguage\":\"es\"},{\"@type\":\"WebPage\",\"@id\":\"https:\/\/www.schlosstorgelow.de\/es\/mis-momentos-personales-del-abitur-2025#webpage\",\"url\":\"https:\/\/www.schlosstorgelow.de\/es\/mis-momentos-personales-del-abitur-2025\",\"name\":\"Mis momentos personales del Abitur 2025\",\"isPartOf\":{\"@id\":\"https:\/\/www.schlosstorgelow.de\/es#website\"},\"primaryImageOfPage\":{\"@id\":\"https:\/\/www.schlosstorgelow.de\/es\/mis-momentos-personales-del-abitur-2025#primaryimage\"},\"image\":{\"@id\":\"https:\/\/www.schlosstorgelow.de\/es\/mis-momentos-personales-del-abitur-2025#primaryimage\"},\"thumbnailUrl\":\"https:\/\/www.schlosstorgelow.de\/wp-content\/uploads\/2025\/08\/fotogalerie-abi-2025_header_st.avif\",\"datePublished\":\"2025-07-16T12:37:30+00:00\",\"dateModified\":\"2026-01-12T07:58:51+00:00\",\"author\":{\"@id\":\"https:\/\/www.schlosstorgelow.de\/es#\/schema\/person\/b76bbb367f3a20c7ced1339e4875691e\"},\"description\":\"Las fotos oficiales de graduaci\u00f3n, por supuesto, est\u00e1n all\u00ed; son parte de ello. Pero a veces son los peque\u00f1os momentos silenciosos al margen.\",\"breadcrumb\":{\"@id\":\"https:\/\/www.schlosstorgelow.de\/es\/mis-momentos-personales-del-abitur-2025#breadcrumb\"},\"inLanguage\":\"es\",\"potentialAction\":[{\"@type\":\"ReadAction\",\"target\":[\"https:\/\/www.schlosstorgelow.de\/es\/mis-momentos-personales-del-abitur-2025\"]}]},{\"@type\":\"ImageObject\",\"inLanguage\":\"es\",\"@id\":\"https:\/\/www.schlosstorgelow.de\/es\/mis-momentos-personales-del-abitur-2025#primaryimage\",\"url\":\"https:\/\/www.schlosstorgelow.de\/wp-content\/uploads\/2025\/08\/fotogalerie-abi-2025_header_st.avif\",\"contentUrl\":\"https:\/\/www.schlosstorgelow.de\/wp-content\/uploads\/2025\/08\/fotogalerie-abi-2025_header_st.avif\",\"width\":1920,\"height\":1080,\"caption\":\"Mis momentos personales del Abitur 2025\"},{\"@type\":\"BreadcrumbList\",\"@id\":\"https:\/\/www.schlosstorgelow.de\/es\/mis-momentos-personales-del-abitur-2025#breadcrumb\",\"itemListElement\":[{\"@type\":\"ListItem\",\"position\":1,\"name\":\"Startseite\",\"item\":\"https:\/\/www.schlosstorgelow.de\/es\"},{\"@type\":\"ListItem\",\"position\":2,\"name\":\"Mis momentos personales del Abitur 2025\"}]},{\"@type\":\"WebSite\",\"@id\":\"https:\/\/www.schlosstorgelow.de\/es#website\",\"url\":\"https:\/\/www.schlosstorgelow.de\/es\",\"name\":\"Schloss Torgelow\",\"description\":\"El internado privado Schloss Torgelow: el internado para alumnos que buscan un reto.\",\"potentialAction\":[{\"@type\":\"SearchAction\",\"target\":{\"@type\":\"EntryPoint\",\"urlTemplate\":\"https:\/\/www.schlosstorgelow.de\/es?s={search_term_string}\"},\"query-input\":{\"@type\":\"PropertyValueSpecification\",\"valueRequired\":true,\"valueName\":\"search_term_string\"}}],\"inLanguage\":\"es\"},{\"@type\":\"Person\",\"@id\":\"https:\/\/www.schlosstorgelow.de\/es#\/schema\/person\/b76bbb367f3a20c7ced1339e4875691e\",\"name\":\"Schloss Torgelow\",\"image\":{\"@type\":\"ImageObject\",\"inLanguage\":\"es\",\"@id\":\"https:\/\/www.schlosstorgelow.de\/es#\/schema\/person\/image\/\",\"url\":\"https:\/\/secure.gravatar.com\/avatar\/4bad9bf1bee90f77b98693d3ad03ade085c80c169595427c58c58e5b069f49e1?s=96&d=mm&r=g\",\"contentUrl\":\"https:\/\/secure.gravatar.com\/avatar\/4bad9bf1bee90f77b98693d3ad03ade085c80c169595427c58c58e5b069f49e1?s=96&d=mm&r=g\",\"caption\":\"Schloss Torgelow\"},\"sameAs\":[\"https:\/\/www.schlosstorgelow.de\"]}]}<\/script>\n<!-- \/ Yoast SEO plugin. -->","yoast_head_json":{"title":"Mis momentos personales del Abitur 2025","description":"Las fotos oficiales de graduaci\u00f3n, por supuesto, est\u00e1n all\u00ed; son parte de ello. Pero a veces son los peque\u00f1os momentos silenciosos al margen.","robots":{"index":"index","follow":"follow","max-snippet":"max-snippet:-1","max-image-preview":"max-image-preview:large","max-video-preview":"max-video-preview:-1"},"canonical":"https:\/\/www.schlosstorgelow.de\/es\/mis-momentos-personales-del-abitur-2025","og_locale":"es_ES","og_type":"article","og_title":"Mis momentos personales del Abitur 2025","og_description":"Las fotos oficiales de graduaci\u00f3n, por supuesto, est\u00e1n all\u00ed; son parte de ello. Pero a veces son los peque\u00f1os momentos silenciosos al margen.","og_url":"https:\/\/www.schlosstorgelow.de\/es\/mis-momentos-personales-del-abitur-2025","og_site_name":"Schloss Torgelow","article_published_time":"2025-07-16T12:37:30+00:00","article_modified_time":"2026-01-12T07:58:51+00:00","author":"Schloss Torgelow","twitter_card":"summary_large_image","twitter_misc":{"Escrito por":"Schloss Torgelow"},"schema":{"@context":"https:\/\/schema.org","@graph":[{"@type":"Article","@id":"https:\/\/www.schlosstorgelow.de\/es\/mis-momentos-personales-del-abitur-2025#article","isPartOf":{"@id":"https:\/\/www.schlosstorgelow.de\/es\/mis-momentos-personales-del-abitur-2025"},"author":{"name":"Schloss Torgelow","@id":"https:\/\/www.schlosstorgelow.de\/es#\/schema\/person\/b76bbb367f3a20c7ced1339e4875691e"},"headline":"Mis momentos personales del Abitur 2025","datePublished":"2025-07-16T12:37:30+00:00","dateModified":"2026-01-12T07:58:51+00:00","mainEntityOfPage":{"@id":"https:\/\/www.schlosstorgelow.de\/es\/mis-momentos-personales-del-abitur-2025"},"wordCount":77,"image":{"@id":"https:\/\/www.schlosstorgelow.de\/es\/mis-momentos-personales-del-abitur-2025#primaryimage"},"thumbnailUrl":"https:\/\/www.schlosstorgelow.de\/wp-content\/uploads\/2025\/08\/fotogalerie-abi-2025_header_st.avif","articleSection":["Noticias de Torgelow"],"inLanguage":"es"},{"@type":"WebPage","@id":"https:\/\/www.schlosstorgelow.de\/es\/mis-momentos-personales-del-abitur-2025#webpage","url":"https:\/\/www.schlosstorgelow.de\/es\/mis-momentos-personales-del-abitur-2025","name":"Mis momentos personales del Abitur 2025","isPartOf":{"@id":"https:\/\/www.schlosstorgelow.de\/es#website"},"primaryImageOfPage":{"@id":"https:\/\/www.schlosstorgelow.de\/es\/mis-momentos-personales-del-abitur-2025#primaryimage"},"image":{"@id":"https:\/\/www.schlosstorgelow.de\/es\/mis-momentos-personales-del-abitur-2025#primaryimage"},"thumbnailUrl":"https:\/\/www.schlosstorgelow.de\/wp-content\/uploads\/2025\/08\/fotogalerie-abi-2025_header_st.avif","datePublished":"2025-07-16T12:37:30+00:00","dateModified":"2026-01-12T07:58:51+00:00","author":{"@id":"https:\/\/www.schlosstorgelow.de\/es#\/schema\/person\/b76bbb367f3a20c7ced1339e4875691e"},"description":"Las fotos oficiales de graduaci\u00f3n, por supuesto, est\u00e1n all\u00ed; son parte de ello. Pero a veces son los peque\u00f1os momentos silenciosos al margen.","breadcrumb":{"@id":"https:\/\/www.schlosstorgelow.de\/es\/mis-momentos-personales-del-abitur-2025#breadcrumb"},"inLanguage":"es","potentialAction":[{"@type":"ReadAction","target":["https:\/\/www.schlosstorgelow.de\/es\/mis-momentos-personales-del-abitur-2025"]}]},{"@type":"ImageObject","inLanguage":"es","@id":"https:\/\/www.schlosstorgelow.de\/es\/mis-momentos-personales-del-abitur-2025#primaryimage","url":"https:\/\/www.schlosstorgelow.de\/wp-content\/uploads\/2025\/08\/fotogalerie-abi-2025_header_st.avif","contentUrl":"https:\/\/www.schlosstorgelow.de\/wp-content\/uploads\/2025\/08\/fotogalerie-abi-2025_header_st.avif","width":1920,"height":1080,"caption":"Mis momentos personales del Abitur 2025"},{"@type":"BreadcrumbList","@id":"https:\/\/www.schlosstorgelow.de\/es\/mis-momentos-personales-del-abitur-2025#breadcrumb","itemListElement":[{"@type":"ListItem","position":1,"name":"Startseite","item":"https:\/\/www.schlosstorgelow.de\/es"},{"@type":"ListItem","position":2,"name":"Mis momentos personales del Abitur 2025"}]},{"@type":"WebSite","@id":"https:\/\/www.schlosstorgelow.de\/es#website","url":"https:\/\/www.schlosstorgelow.de\/es","name":"Schloss Torgelow","description":"El internado privado Schloss Torgelow: el internado para alumnos que buscan un reto.","potentialAction":[{"@type":"SearchAction","target":{"@type":"EntryPoint","urlTemplate":"https:\/\/www.schlosstorgelow.de\/es?s={search_term_string}"},"query-input":{"@type":"PropertyValueSpecification","valueRequired":true,"valueName":"search_term_string"}}],"inLanguage":"es"},{"@type":"Person","@id":"https:\/\/www.schlosstorgelow.de\/es#\/schema\/person\/b76bbb367f3a20c7ced1339e4875691e","name":"Schloss Torgelow","image":{"@type":"ImageObject","inLanguage":"es","@id":"https:\/\/www.schlosstorgelow.de\/es#\/schema\/person\/image\/","url":"https:\/\/secure.gravatar.com\/avatar\/4bad9bf1bee90f77b98693d3ad03ade085c80c169595427c58c58e5b069f49e1?s=96&d=mm&r=g","contentUrl":"https:\/\/secure.gravatar.com\/avatar\/4bad9bf1bee90f77b98693d3ad03ade085c80c169595427c58c58e5b069f49e1?s=96&d=mm&r=g","caption":"Schloss Torgelow"},"sameAs":["https:\/\/www.schlosstorgelow.de"]}]}},"block_visibility_meta":[],"_links":{"self":[{"href":"https:\/\/www.schlosstorgelow.de\/es\/wp-json\/wp\/v2\/posts\/82526","targetHints":{"allow":["GET"]}}],"collection":[{"href":"https:\/\/www.schlosstorgelow.de\/es\/wp-json\/wp\/v2\/posts"}],"about":[{"href":"https:\/\/www.schlosstorgelow.de\/es\/wp-json\/wp\/v2\/types\/post"}],"author":[{"embeddable":true,"href":"https:\/\/www.schlosstorgelow.de\/es\/wp-json\/wp\/v2\/users\/1"}],"replies":[{"embeddable":true,"href":"https:\/\/www.schlosstorgelow.de\/es\/wp-json\/wp\/v2\/comments?post=82526"}],"version-history":[{"count":0,"href":"https:\/\/www.schlosstorgelow.de\/es\/wp-json\/wp\/v2\/posts\/82526\/revisions"}],"wp:featuredmedia":[{"embeddable":true,"href":"https:\/\/www.schlosstorgelow.de\/es\/wp-json\/wp\/v2\/media\/66078"}],"wp:attachment":[{"href":"https:\/\/www.schlosstorgelow.de\/es\/wp-json\/wp\/v2\/media?parent=82526"}],"wp:term":[{"taxonomy":"category","embeddable":true,"href":"https:\/\/www.schlosstorgelow.de\/es\/wp-json\/wp\/v2\/categories?post=82526"},{"taxonomy":"post_tag","embeddable":true,"href":"https:\/\/www.schlosstorgelow.de\/es\/wp-json\/wp\/v2\/tags?post=82526"}],"curies":[{"name":"wp","href":"https:\/\/api.w.org\/{rel}","templated":true}]}}