{"id":82520,"date":"2025-07-16T14:15:41","date_gmt":"2025-07-16T14:15:41","guid":{"rendered":"https:\/\/www.schlosstorgelow.de\/campeonatos-alemanes-de-atletismo-en-bochum-o-practicas-en-tokio"},"modified":"2026-01-12T07:57:48","modified_gmt":"2026-01-12T07:57:48","slug":"campeonatos-alemanes-de-atletismo-en-bochum-o-practicas-en-tokio","status":"publish","type":"post","link":"https:\/\/www.schlosstorgelow.de\/es\/campeonatos-alemanes-de-atletismo-en-bochum-o-practicas-en-tokio","title":{"rendered":"Campeonatos alemanes de atletismo en Bochum o pr\u00e1cticas en Tokio?"},"content":{"rendered":"\n<p><i>En realidad, la pregunta deber\u00eda ser f\u00e1cil de decidir, pero no para Willi Schmidt, la estrella en ascenso de la categor\u00eda U18 en Mecklenburg-Vorpommern. En la organizaci\u00f3n de las pr\u00e1cticas, que todos los alumnos de 10.\u00ba grado realizan en sus vacaciones de verano en diferentes empresas, no se pod\u00eda pensar en participar en los Campeonatos Nacionales y el vuelo para el s\u00e1bado, 12 de julio de 2025, \u00a1estaba reservado! <\/i><\/p>\n\n<p>Desde hace 1,5 a\u00f1os, Willi entrena en el marco del proyecto de equipo de la escuela y adem\u00e1s en el LAV Waren\/M\u00fcritz e.V., enfoc\u00e1ndose principalmente en el sprint y el salto de longitud. Especialmente en el salto de longitud, el campe\u00f3n del norte de Alemania de U20 pudo mejorar su marca personal en m\u00e1s de un metro en un a\u00f1o, alcanzando los 7,02 metros y as\u00ed cumplir con la norma de calificaci\u00f3n para los campeonatos alemanes. Tambi\u00e9n lo logr\u00f3 como campe\u00f3n estatal en 100 metros y 200 metros.  <\/p>\n\n<p>A pesar del estr\u00e9s por los ex\u00e1menes y de estar empacando maletas para Tokio, Willi decidi\u00f3 de manera espont\u00e1nea y a \u00faltima hora participar en la competici\u00f3n de salto de longitud que se llevar\u00eda a cabo el viernes en Bochum-Wattenscheid.<\/p>\n\n<p>Ante un impresionante tel\u00f3n de fondo, Willi realiz\u00f3 su tercer mejor competici\u00f3n con 6,60m en un campo de participantes de alto rendimiento, pero esta vez no pudo intervenir en la lucha por las medallas.<\/p>\n\n<p>\u00a1Felicidades por una temporada destacada y por muchas experiencias incre\u00edbles en Tokio!<\/p>\n\n<p>(Equipo Santowski)<\/p>\n","protected":false},"excerpt":{"rendered":"<p>Ante un impresionante escenario, Willi realiz\u00f3 su tercer mejor competici\u00f3n de salto de longitud en un campo de participantes muy destacado.<\/p>\n","protected":false},"author":1,"featured_media":44041,"comment_status":"closed","ping_status":"closed","sticky":false,"template":"","format":"standard","meta":{"_acf_changed":false,"_yoast_wpseo_title":"\u00bfCampeonatos de atletismo o pr\u00e1cticas laborales?","_yoast_wpseo_metadesc":"Ante un impresionante tel\u00f3n de fondo, Willi realiz\u00f3 su tercer mejor competici\u00f3n de salto de longitud con 6,60 m en un campo de participantes muy competitivo.","excerpt":"Ante un impresionante tel\u00f3n de fondo, Willi realiz\u00f3 su tercer mejor competici\u00f3n de salto de longitud con 6,60 m en un campo de participantes muy competitivo.","footnotes":""},"categories":[32],"tags":[],"class_list":{"0":"post-82520","1":"post","2":"type-post","3":"status-publish","4":"format-standard","5":"has-post-thumbnail","7":"category-noticias-de-torgelow"},"acf":[],"yoast_head":"<!-- This site is optimized with the Yoast SEO plugin v26.9 - https:\/\/yoast.com\/product\/yoast-seo-wordpress\/ -->\n<title>\u00bfCampeonatos de atletismo o pr\u00e1cticas laborales?<\/title>\n<meta name=\"description\" content=\"Ante un impresionante tel\u00f3n de fondo, Willi realiz\u00f3 su tercer mejor competici\u00f3n de salto de longitud con 6,60 m en un campo de participantes muy competitivo.\" \/>\n<meta name=\"robots\" content=\"index, follow, max-snippet:-1, max-image-preview:large, max-video-preview:-1\" \/>\n<link rel=\"canonical\" href=\"https:\/\/www.schlosstorgelow.de\/es\/campeonatos-alemanes-de-atletismo-en-bochum-o-practicas-en-tokio\" \/>\n<meta property=\"og:locale\" content=\"es_ES\" \/>\n<meta property=\"og:type\" content=\"article\" \/>\n<meta property=\"og:title\" content=\"\u00bfCampeonatos de atletismo o pr\u00e1cticas laborales?\" \/>\n<meta property=\"og:description\" content=\"Ante un impresionante tel\u00f3n de fondo, Willi realiz\u00f3 su tercer mejor competici\u00f3n de salto de longitud con 6,60 m en un campo de participantes muy competitivo.\" \/>\n<meta property=\"og:url\" content=\"https:\/\/www.schlosstorgelow.de\/es\/campeonatos-alemanes-de-atletismo-en-bochum-o-practicas-en-tokio\" \/>\n<meta property=\"og:site_name\" content=\"Schloss Torgelow\" \/>\n<meta property=\"article:published_time\" content=\"2025-07-16T14:15:41+00:00\" \/>\n<meta property=\"article:modified_time\" content=\"2026-01-12T07:57:48+00:00\" \/>\n<meta name=\"author\" content=\"Schloss Torgelow\" \/>\n<meta name=\"twitter:card\" content=\"summary_large_image\" \/>\n<meta name=\"twitter:label1\" content=\"Escrito por\" \/>\n\t<meta name=\"twitter:data1\" content=\"Schloss Torgelow\" \/>\n\t<meta name=\"twitter:label2\" content=\"Tiempo de lectura\" \/>\n\t<meta name=\"twitter:data2\" content=\"1 minuto\" \/>\n<script type=\"application\/ld+json\" class=\"yoast-schema-graph\">{\"@context\":\"https:\/\/schema.org\",\"@graph\":[{\"@type\":\"Article\",\"@id\":\"https:\/\/www.schlosstorgelow.de\/es\/campeonatos-alemanes-de-atletismo-en-bochum-o-practicas-en-tokio#article\",\"isPartOf\":{\"@id\":\"https:\/\/www.schlosstorgelow.de\/es\/campeonatos-alemanes-de-atletismo-en-bochum-o-practicas-en-tokio\"},\"author\":{\"name\":\"Schloss Torgelow\",\"@id\":\"https:\/\/www.schlosstorgelow.de\/es#\/schema\/person\/b76bbb367f3a20c7ced1339e4875691e\"},\"headline\":\"Campeonatos alemanes de atletismo en Bochum o pr\u00e1cticas en Tokio?\",\"datePublished\":\"2025-07-16T14:15:41+00:00\",\"dateModified\":\"2026-01-12T07:57:48+00:00\",\"mainEntityOfPage\":{\"@id\":\"https:\/\/www.schlosstorgelow.de\/es\/campeonatos-alemanes-de-atletismo-en-bochum-o-practicas-en-tokio\"},\"wordCount\":276,\"image\":{\"@id\":\"https:\/\/www.schlosstorgelow.de\/es\/campeonatos-alemanes-de-atletismo-en-bochum-o-practicas-en-tokio#primaryimage\"},\"thumbnailUrl\":\"https:\/\/www.schlosstorgelow.de\/wp-content\/uploads\/2025\/07\/DM-willi_header_st.avif\",\"articleSection\":[\"Noticias de Torgelow\"],\"inLanguage\":\"es\"},{\"@type\":\"WebPage\",\"@id\":\"https:\/\/www.schlosstorgelow.de\/es\/campeonatos-alemanes-de-atletismo-en-bochum-o-practicas-en-tokio#webpage\",\"url\":\"https:\/\/www.schlosstorgelow.de\/es\/campeonatos-alemanes-de-atletismo-en-bochum-o-practicas-en-tokio\",\"name\":\"\u00bfCampeonatos de atletismo o pr\u00e1cticas laborales?\",\"isPartOf\":{\"@id\":\"https:\/\/www.schlosstorgelow.de\/es#website\"},\"primaryImageOfPage\":{\"@id\":\"https:\/\/www.schlosstorgelow.de\/es\/campeonatos-alemanes-de-atletismo-en-bochum-o-practicas-en-tokio#primaryimage\"},\"image\":{\"@id\":\"https:\/\/www.schlosstorgelow.de\/es\/campeonatos-alemanes-de-atletismo-en-bochum-o-practicas-en-tokio#primaryimage\"},\"thumbnailUrl\":\"https:\/\/www.schlosstorgelow.de\/wp-content\/uploads\/2025\/07\/DM-willi_header_st.avif\",\"datePublished\":\"2025-07-16T14:15:41+00:00\",\"dateModified\":\"2026-01-12T07:57:48+00:00\",\"author\":{\"@id\":\"https:\/\/www.schlosstorgelow.de\/es#\/schema\/person\/b76bbb367f3a20c7ced1339e4875691e\"},\"description\":\"Ante un impresionante tel\u00f3n de fondo, Willi realiz\u00f3 su tercer mejor competici\u00f3n de salto de longitud con 6,60 m en un campo de participantes muy competitivo.\",\"breadcrumb\":{\"@id\":\"https:\/\/www.schlosstorgelow.de\/es\/campeonatos-alemanes-de-atletismo-en-bochum-o-practicas-en-tokio#breadcrumb\"},\"inLanguage\":\"es\",\"potentialAction\":[{\"@type\":\"ReadAction\",\"target\":[\"https:\/\/www.schlosstorgelow.de\/es\/campeonatos-alemanes-de-atletismo-en-bochum-o-practicas-en-tokio\"]}]},{\"@type\":\"ImageObject\",\"inLanguage\":\"es\",\"@id\":\"https:\/\/www.schlosstorgelow.de\/es\/campeonatos-alemanes-de-atletismo-en-bochum-o-practicas-en-tokio#primaryimage\",\"url\":\"https:\/\/www.schlosstorgelow.de\/wp-content\/uploads\/2025\/07\/DM-willi_header_st.avif\",\"contentUrl\":\"https:\/\/www.schlosstorgelow.de\/wp-content\/uploads\/2025\/07\/DM-willi_header_st.avif\",\"width\":1920,\"height\":1080,\"caption\":\"Campeonatos alemanes de atletismo en Bochum o pr\u00e1cticas laborales en Tokio?\"},{\"@type\":\"BreadcrumbList\",\"@id\":\"https:\/\/www.schlosstorgelow.de\/es\/campeonatos-alemanes-de-atletismo-en-bochum-o-practicas-en-tokio#breadcrumb\",\"itemListElement\":[{\"@type\":\"ListItem\",\"position\":1,\"name\":\"Startseite\",\"item\":\"https:\/\/www.schlosstorgelow.de\/es\"},{\"@type\":\"ListItem\",\"position\":2,\"name\":\"Campeonatos alemanes de atletismo en Bochum o pr\u00e1cticas en Tokio?\"}]},{\"@type\":\"WebSite\",\"@id\":\"https:\/\/www.schlosstorgelow.de\/es#website\",\"url\":\"https:\/\/www.schlosstorgelow.de\/es\",\"name\":\"Schloss Torgelow\",\"description\":\"El internado privado Schloss Torgelow: el internado para alumnos que buscan un reto.\",\"potentialAction\":[{\"@type\":\"SearchAction\",\"target\":{\"@type\":\"EntryPoint\",\"urlTemplate\":\"https:\/\/www.schlosstorgelow.de\/es?s={search_term_string}\"},\"query-input\":{\"@type\":\"PropertyValueSpecification\",\"valueRequired\":true,\"valueName\":\"search_term_string\"}}],\"inLanguage\":\"es\"},{\"@type\":\"Person\",\"@id\":\"https:\/\/www.schlosstorgelow.de\/es#\/schema\/person\/b76bbb367f3a20c7ced1339e4875691e\",\"name\":\"Schloss Torgelow\",\"image\":{\"@type\":\"ImageObject\",\"inLanguage\":\"es\",\"@id\":\"https:\/\/www.schlosstorgelow.de\/es#\/schema\/person\/image\/\",\"url\":\"https:\/\/secure.gravatar.com\/avatar\/4bad9bf1bee90f77b98693d3ad03ade085c80c169595427c58c58e5b069f49e1?s=96&d=mm&r=g\",\"contentUrl\":\"https:\/\/secure.gravatar.com\/avatar\/4bad9bf1bee90f77b98693d3ad03ade085c80c169595427c58c58e5b069f49e1?s=96&d=mm&r=g\",\"caption\":\"Schloss Torgelow\"},\"sameAs\":[\"https:\/\/www.schlosstorgelow.de\"]}]}<\/script>\n<!-- \/ Yoast SEO plugin. -->","yoast_head_json":{"title":"\u00bfCampeonatos de atletismo o pr\u00e1cticas laborales?","description":"Ante un impresionante tel\u00f3n de fondo, Willi realiz\u00f3 su tercer mejor competici\u00f3n de salto de longitud con 6,60 m en un campo de participantes muy competitivo.","robots":{"index":"index","follow":"follow","max-snippet":"max-snippet:-1","max-image-preview":"max-image-preview:large","max-video-preview":"max-video-preview:-1"},"canonical":"https:\/\/www.schlosstorgelow.de\/es\/campeonatos-alemanes-de-atletismo-en-bochum-o-practicas-en-tokio","og_locale":"es_ES","og_type":"article","og_title":"\u00bfCampeonatos de atletismo o pr\u00e1cticas laborales?","og_description":"Ante un impresionante tel\u00f3n de fondo, Willi realiz\u00f3 su tercer mejor competici\u00f3n de salto de longitud con 6,60 m en un campo de participantes muy competitivo.","og_url":"https:\/\/www.schlosstorgelow.de\/es\/campeonatos-alemanes-de-atletismo-en-bochum-o-practicas-en-tokio","og_site_name":"Schloss Torgelow","article_published_time":"2025-07-16T14:15:41+00:00","article_modified_time":"2026-01-12T07:57:48+00:00","author":"Schloss Torgelow","twitter_card":"summary_large_image","twitter_misc":{"Escrito por":"Schloss Torgelow","Tiempo de lectura":"1 minuto"},"schema":{"@context":"https:\/\/schema.org","@graph":[{"@type":"Article","@id":"https:\/\/www.schlosstorgelow.de\/es\/campeonatos-alemanes-de-atletismo-en-bochum-o-practicas-en-tokio#article","isPartOf":{"@id":"https:\/\/www.schlosstorgelow.de\/es\/campeonatos-alemanes-de-atletismo-en-bochum-o-practicas-en-tokio"},"author":{"name":"Schloss Torgelow","@id":"https:\/\/www.schlosstorgelow.de\/es#\/schema\/person\/b76bbb367f3a20c7ced1339e4875691e"},"headline":"Campeonatos alemanes de atletismo en Bochum o pr\u00e1cticas en Tokio?","datePublished":"2025-07-16T14:15:41+00:00","dateModified":"2026-01-12T07:57:48+00:00","mainEntityOfPage":{"@id":"https:\/\/www.schlosstorgelow.de\/es\/campeonatos-alemanes-de-atletismo-en-bochum-o-practicas-en-tokio"},"wordCount":276,"image":{"@id":"https:\/\/www.schlosstorgelow.de\/es\/campeonatos-alemanes-de-atletismo-en-bochum-o-practicas-en-tokio#primaryimage"},"thumbnailUrl":"https:\/\/www.schlosstorgelow.de\/wp-content\/uploads\/2025\/07\/DM-willi_header_st.avif","articleSection":["Noticias de Torgelow"],"inLanguage":"es"},{"@type":"WebPage","@id":"https:\/\/www.schlosstorgelow.de\/es\/campeonatos-alemanes-de-atletismo-en-bochum-o-practicas-en-tokio#webpage","url":"https:\/\/www.schlosstorgelow.de\/es\/campeonatos-alemanes-de-atletismo-en-bochum-o-practicas-en-tokio","name":"\u00bfCampeonatos de atletismo o pr\u00e1cticas laborales?","isPartOf":{"@id":"https:\/\/www.schlosstorgelow.de\/es#website"},"primaryImageOfPage":{"@id":"https:\/\/www.schlosstorgelow.de\/es\/campeonatos-alemanes-de-atletismo-en-bochum-o-practicas-en-tokio#primaryimage"},"image":{"@id":"https:\/\/www.schlosstorgelow.de\/es\/campeonatos-alemanes-de-atletismo-en-bochum-o-practicas-en-tokio#primaryimage"},"thumbnailUrl":"https:\/\/www.schlosstorgelow.de\/wp-content\/uploads\/2025\/07\/DM-willi_header_st.avif","datePublished":"2025-07-16T14:15:41+00:00","dateModified":"2026-01-12T07:57:48+00:00","author":{"@id":"https:\/\/www.schlosstorgelow.de\/es#\/schema\/person\/b76bbb367f3a20c7ced1339e4875691e"},"description":"Ante un impresionante tel\u00f3n de fondo, Willi realiz\u00f3 su tercer mejor competici\u00f3n de salto de longitud con 6,60 m en un campo de participantes muy competitivo.","breadcrumb":{"@id":"https:\/\/www.schlosstorgelow.de\/es\/campeonatos-alemanes-de-atletismo-en-bochum-o-practicas-en-tokio#breadcrumb"},"inLanguage":"es","potentialAction":[{"@type":"ReadAction","target":["https:\/\/www.schlosstorgelow.de\/es\/campeonatos-alemanes-de-atletismo-en-bochum-o-practicas-en-tokio"]}]},{"@type":"ImageObject","inLanguage":"es","@id":"https:\/\/www.schlosstorgelow.de\/es\/campeonatos-alemanes-de-atletismo-en-bochum-o-practicas-en-tokio#primaryimage","url":"https:\/\/www.schlosstorgelow.de\/wp-content\/uploads\/2025\/07\/DM-willi_header_st.avif","contentUrl":"https:\/\/www.schlosstorgelow.de\/wp-content\/uploads\/2025\/07\/DM-willi_header_st.avif","width":1920,"height":1080,"caption":"Campeonatos alemanes de atletismo en Bochum o pr\u00e1cticas laborales en Tokio?"},{"@type":"BreadcrumbList","@id":"https:\/\/www.schlosstorgelow.de\/es\/campeonatos-alemanes-de-atletismo-en-bochum-o-practicas-en-tokio#breadcrumb","itemListElement":[{"@type":"ListItem","position":1,"name":"Startseite","item":"https:\/\/www.schlosstorgelow.de\/es"},{"@type":"ListItem","position":2,"name":"Campeonatos alemanes de atletismo en Bochum o pr\u00e1cticas en Tokio?"}]},{"@type":"WebSite","@id":"https:\/\/www.schlosstorgelow.de\/es#website","url":"https:\/\/www.schlosstorgelow.de\/es","name":"Schloss Torgelow","description":"El internado privado Schloss Torgelow: el internado para alumnos que buscan un reto.","potentialAction":[{"@type":"SearchAction","target":{"@type":"EntryPoint","urlTemplate":"https:\/\/www.schlosstorgelow.de\/es?s={search_term_string}"},"query-input":{"@type":"PropertyValueSpecification","valueRequired":true,"valueName":"search_term_string"}}],"inLanguage":"es"},{"@type":"Person","@id":"https:\/\/www.schlosstorgelow.de\/es#\/schema\/person\/b76bbb367f3a20c7ced1339e4875691e","name":"Schloss Torgelow","image":{"@type":"ImageObject","inLanguage":"es","@id":"https:\/\/www.schlosstorgelow.de\/es#\/schema\/person\/image\/","url":"https:\/\/secure.gravatar.com\/avatar\/4bad9bf1bee90f77b98693d3ad03ade085c80c169595427c58c58e5b069f49e1?s=96&d=mm&r=g","contentUrl":"https:\/\/secure.gravatar.com\/avatar\/4bad9bf1bee90f77b98693d3ad03ade085c80c169595427c58c58e5b069f49e1?s=96&d=mm&r=g","caption":"Schloss Torgelow"},"sameAs":["https:\/\/www.schlosstorgelow.de"]}]}},"block_visibility_meta":[],"_links":{"self":[{"href":"https:\/\/www.schlosstorgelow.de\/es\/wp-json\/wp\/v2\/posts\/82520","targetHints":{"allow":["GET"]}}],"collection":[{"href":"https:\/\/www.schlosstorgelow.de\/es\/wp-json\/wp\/v2\/posts"}],"about":[{"href":"https:\/\/www.schlosstorgelow.de\/es\/wp-json\/wp\/v2\/types\/post"}],"author":[{"embeddable":true,"href":"https:\/\/www.schlosstorgelow.de\/es\/wp-json\/wp\/v2\/users\/1"}],"replies":[{"embeddable":true,"href":"https:\/\/www.schlosstorgelow.de\/es\/wp-json\/wp\/v2\/comments?post=82520"}],"version-history":[{"count":0,"href":"https:\/\/www.schlosstorgelow.de\/es\/wp-json\/wp\/v2\/posts\/82520\/revisions"}],"wp:featuredmedia":[{"embeddable":true,"href":"https:\/\/www.schlosstorgelow.de\/es\/wp-json\/wp\/v2\/media\/44041"}],"wp:attachment":[{"href":"https:\/\/www.schlosstorgelow.de\/es\/wp-json\/wp\/v2\/media?parent=82520"}],"wp:term":[{"taxonomy":"category","embeddable":true,"href":"https:\/\/www.schlosstorgelow.de\/es\/wp-json\/wp\/v2\/categories?post=82520"},{"taxonomy":"post_tag","embeddable":true,"href":"https:\/\/www.schlosstorgelow.de\/es\/wp-json\/wp\/v2\/tags?post=82520"}],"curies":[{"name":"wp","href":"https:\/\/api.w.org\/{rel}","templated":true}]}}